{"id":101,"date":"2020-10-31T22:55:00","date_gmt":"2020-10-31T21:55:00","guid":{"rendered":"http:\/\/elektrisch-auf-tour.dorner-digital.de\/?p=101"},"modified":"2022-10-13T20:57:21","modified_gmt":"2022-10-13T18:57:21","slug":"tour-nach-kallmuenz","status":"publish","type":"post","link":"https:\/\/www.elektrisch-auf-tour.de\/en\/tour\/tour-nach-kallmuenz\/","title":{"rendered":"Tour nach Kallm\u00fcnz"},"content":{"rendered":"<p>Langsam merkt man doch, dass die Luft k\u00e4lter wird. Die Natur zeigt sich aber immer noch von ihrer sch\u00f6nsten Seite. Also den Samstag genutzt um eine gem\u00fctliche Runde um den Truppen\u00fcbungsplatz Hohenfels zu fahren.<\/p>\n\n\n\n<figure class=\"wp-block-image size-large\"><img fetchpriority=\"high\" decoding=\"async\" width=\"1024\" height=\"407\" src=\"https:\/\/www.elektrisch-auf-tour.de\/wp-content\/uploads\/2022\/10\/Truppenuebungsplatz_2-1024x407.jpg\" alt=\"\" class=\"wp-image-857\" srcset=\"https:\/\/www.elektrisch-auf-tour.de\/wp-content\/uploads\/2022\/10\/Truppenuebungsplatz_2-1024x407.jpg 1024w, https:\/\/www.elektrisch-auf-tour.de\/wp-content\/uploads\/2022\/10\/Truppenuebungsplatz_2-300x119.jpg 300w, https:\/\/www.elektrisch-auf-tour.de\/wp-content\/uploads\/2022\/10\/Truppenuebungsplatz_2-768x306.jpg 768w, https:\/\/www.elektrisch-auf-tour.de\/wp-content\/uploads\/2022\/10\/Truppenuebungsplatz_2-676x269.jpg 676w, https:\/\/www.elektrisch-auf-tour.de\/wp-content\/uploads\/2022\/10\/Truppenuebungsplatz_2.jpg 1259w\" sizes=\"(max-width: 1024px) 100vw, 1024px\" \/><figcaption>Kartenausschnitt vom Truppen\u00fcbungsplatz Hohenfels<\/figcaption><\/figure>\n\n\n\n<p>Ich bin auf der Suche nach einem vern\u00fcnftigen Motorrad-GPS auf Calimoto gesto\u00dfen.<\/p>\n\n\n\n<!--more-->\n\n\n\n<p>Das gef\u00e4llt mir gut. Kein zus\u00e4tzliches Ger\u00e4t notwendig, vorab Planung am PC m\u00f6glich und die vorgeschlagenen Routen passen.<\/p>\n\n\n\n<p>Die Runde f\u00fchrte mich \u00fcber Utzenhofen, Mendorferbuch und Schmidm\u00fchlen nach Kallm\u00fcnz.<\/p>\n\n\n\n<figure class=\"wp-block-image size-full\"><img decoding=\"async\" width=\"881\" height=\"793\" src=\"https:\/\/www.elektrisch-auf-tour.de\/wp-content\/uploads\/2022\/09\/Kallmuenz.jpg\" alt=\"\" class=\"wp-image-102\" srcset=\"https:\/\/www.elektrisch-auf-tour.de\/wp-content\/uploads\/2022\/09\/Kallmuenz.jpg 881w, https:\/\/www.elektrisch-auf-tour.de\/wp-content\/uploads\/2022\/09\/Kallmuenz-300x270.jpg 300w, https:\/\/www.elektrisch-auf-tour.de\/wp-content\/uploads\/2022\/09\/Kallmuenz-768x691.jpg 768w, https:\/\/www.elektrisch-auf-tour.de\/wp-content\/uploads\/2022\/09\/Kallmuenz-676x608.jpg 676w\" sizes=\"(max-width: 881px) 100vw, 881px\" \/><figcaption>Im Uhrzeigersinn um den Truppen\u00fcbungsplatz Hohenfels<\/figcaption><\/figure>\n\n\n\n<p>Der Markt Kallm\u00fcnz liegt so sch\u00f6n an Vils und Naab. Kein Wunder also, dass sich auch Kandinsky und M\u00fcnters dort f\u00fcr ein paar Wochen eingenistet hatten.<\/p>\n\n\n<div class=\"wp-block-image\">\n<figure class=\"aligncenter size-large\"><img decoding=\"async\" width=\"576\" height=\"1024\" src=\"https:\/\/www.elektrisch-auf-tour.de\/wp-content\/uploads\/2022\/09\/20201031_140514-576x1024.jpg\" alt=\"\" class=\"wp-image-291\" srcset=\"https:\/\/www.elektrisch-auf-tour.de\/wp-content\/uploads\/2022\/09\/20201031_140514-576x1024.jpg 576w, https:\/\/www.elektrisch-auf-tour.de\/wp-content\/uploads\/2022\/09\/20201031_140514-169x300.jpg 169w, https:\/\/www.elektrisch-auf-tour.de\/wp-content\/uploads\/2022\/09\/20201031_140514-768x1365.jpg 768w, https:\/\/www.elektrisch-auf-tour.de\/wp-content\/uploads\/2022\/09\/20201031_140514-864x1536.jpg 864w, https:\/\/www.elektrisch-auf-tour.de\/wp-content\/uploads\/2022\/09\/20201031_140514-1152x2048.jpg 1152w, https:\/\/www.elektrisch-auf-tour.de\/wp-content\/uploads\/2022\/09\/20201031_140514-676x1202.jpg 676w, https:\/\/www.elektrisch-auf-tour.de\/wp-content\/uploads\/2022\/09\/20201031_140514-scaled.jpg 1440w\" sizes=\"(max-width: 576px) 100vw, 576px\" \/><\/figure>\n<\/div>\n\n\n<p>\u00dcber Kallm\u00fcnz thront die Burgruine Kallm\u00fcnz. Erste Nennungen der Burg entstanden im 13. Jahrhundert. Genutzt wurde sie bis zum Drei\u00dfigj\u00e4hrigen Krieg. Seitdem steht die Burg als Ruine \u00fcber der Ortschaft.<\/p>\n\n\n\n<figure class=\"wp-block-image size-large\"><img loading=\"lazy\" decoding=\"async\" width=\"1024\" height=\"576\" src=\"https:\/\/www.elektrisch-auf-tour.de\/wp-content\/uploads\/2022\/09\/20180819_163331-1024x576.jpg\" alt=\"\" class=\"wp-image-293\" srcset=\"https:\/\/www.elektrisch-auf-tour.de\/wp-content\/uploads\/2022\/09\/20180819_163331-1024x576.jpg 1024w, https:\/\/www.elektrisch-auf-tour.de\/wp-content\/uploads\/2022\/09\/20180819_163331-300x169.jpg 300w, https:\/\/www.elektrisch-auf-tour.de\/wp-content\/uploads\/2022\/09\/20180819_163331-768x432.jpg 768w, https:\/\/www.elektrisch-auf-tour.de\/wp-content\/uploads\/2022\/09\/20180819_163331-1536x864.jpg 1536w, https:\/\/www.elektrisch-auf-tour.de\/wp-content\/uploads\/2022\/09\/20180819_163331-2048x1152.jpg 2048w, https:\/\/www.elektrisch-auf-tour.de\/wp-content\/uploads\/2022\/09\/20180819_163331-676x380.jpg 676w\" sizes=\"(max-width: 1024px) 100vw, 1024px\" \/><figcaption>Die Naab bei Kallm\u00fcnz<\/figcaption><\/figure>\n\n\n\n<p>Kallm\u00fcnz haben wir in der Vergangenheit immer mal wieder besucht. Das Eck, an dem Vils und Naab aufeinander treffen hat was. Auch das Marktzentrum hat einen sehr besonderen Charm.<\/p>\n\n\n\n<p>Hinter der Kirche beginnt der Wanderweg hinauf zur Burg. Auch den sollte man bei einem Besuch in Kallm\u00fcnz, schon alleine wegen der Aussicht, mitnehmen.<\/p>\n\n\n<div class=\"wp-block-image\">\n<figure class=\"aligncenter size-large\"><img loading=\"lazy\" decoding=\"async\" width=\"576\" height=\"1024\" src=\"https:\/\/www.elektrisch-auf-tour.de\/wp-content\/uploads\/2022\/09\/20180819_153632-576x1024.jpg\" alt=\"\" class=\"wp-image-294\" srcset=\"https:\/\/www.elektrisch-auf-tour.de\/wp-content\/uploads\/2022\/09\/20180819_153632-576x1024.jpg 576w, https:\/\/www.elektrisch-auf-tour.de\/wp-content\/uploads\/2022\/09\/20180819_153632-169x300.jpg 169w, https:\/\/www.elektrisch-auf-tour.de\/wp-content\/uploads\/2022\/09\/20180819_153632-768x1365.jpg 768w, https:\/\/www.elektrisch-auf-tour.de\/wp-content\/uploads\/2022\/09\/20180819_153632-864x1536.jpg 864w, https:\/\/www.elektrisch-auf-tour.de\/wp-content\/uploads\/2022\/09\/20180819_153632-1152x2048.jpg 1152w, https:\/\/www.elektrisch-auf-tour.de\/wp-content\/uploads\/2022\/09\/20180819_153632-676x1202.jpg 676w, https:\/\/www.elektrisch-auf-tour.de\/wp-content\/uploads\/2022\/09\/20180819_153632-scaled.jpg 1440w\" sizes=\"(max-width: 576px) 100vw, 576px\" \/><figcaption>Aussicht vom &#8218;Burgsteig&#8216;<\/figcaption><\/figure>\n<\/div>\n\n\n<p>Weiter ging es f\u00fcr mich dann \u00fcber Endorf nach Hemau. Die Strecke \u00fcber Breitenbrunn Wissing und Seubersdorf schloss die Herbstrunde ab.<\/p>\n\n\n\n<figure class=\"wp-block-image size-large\"><img loading=\"lazy\" decoding=\"async\" width=\"1024\" height=\"576\" src=\"https:\/\/www.elektrisch-auf-tour.de\/wp-content\/uploads\/2022\/09\/20201031_144846-1024x576.jpg\" alt=\"\" class=\"wp-image-292\" srcset=\"https:\/\/www.elektrisch-auf-tour.de\/wp-content\/uploads\/2022\/09\/20201031_144846-1024x576.jpg 1024w, https:\/\/www.elektrisch-auf-tour.de\/wp-content\/uploads\/2022\/09\/20201031_144846-300x169.jpg 300w, https:\/\/www.elektrisch-auf-tour.de\/wp-content\/uploads\/2022\/09\/20201031_144846-768x432.jpg 768w, https:\/\/www.elektrisch-auf-tour.de\/wp-content\/uploads\/2022\/09\/20201031_144846-1536x864.jpg 1536w, https:\/\/www.elektrisch-auf-tour.de\/wp-content\/uploads\/2022\/09\/20201031_144846-2048x1152.jpg 2048w, https:\/\/www.elektrisch-auf-tour.de\/wp-content\/uploads\/2022\/09\/20201031_144846-676x380.jpg 676w\" sizes=\"(max-width: 1024px) 100vw, 1024px\" \/><figcaption>Kurz vor Seubersdorf<\/figcaption><\/figure>\n\n\n\n<p>Ein paar technische Fakten:<\/p>\n\n\n\n<ul class=\"wp-block-list\"><li>130 km gefahren<\/li><li>2 Stunden unterwegs<\/li><li>Verbrauch: 11,6 kWh<\/li><li>Kosten: 3,50 \u20ac<\/li><\/ul>","protected":false},"excerpt":{"rendered":"<p>Langsam merkt man doch, dass die Luft k\u00e4lter wird. Die Natur zeigt sich aber immer noch von ihrer sch\u00f6nsten Seite. Also den Samstag genutzt um eine gem\u00fctliche Runde um den Truppen\u00fcbungsplatz Hohenfels zu fahren. Ich bin auf der Suche nach einem vern\u00fcnftigen Motorrad-GPS auf Calimoto gesto\u00dfen.<\/p>","protected":false},"author":1,"featured_media":0,"comment_status":"open","ping_status":"open","sticky":false,"template":"","format":"standard","meta":{"footnotes":""},"categories":[9,3,4],"tags":[],"class_list":["post-101","post","type-post","status-publish","format-standard","hentry","category-elektromotorrad","category-tour","category-zero-ds","post-preview"],"_links":{"self":[{"href":"https:\/\/www.elektrisch-auf-tour.de\/en\/wp-json\/wp\/v2\/posts\/101","targetHints":{"allow":["GET"]}}],"collection":[{"href":"https:\/\/www.elektrisch-auf-tour.de\/en\/wp-json\/wp\/v2\/posts"}],"about":[{"href":"https:\/\/www.elektrisch-auf-tour.de\/en\/wp-json\/wp\/v2\/types\/post"}],"author":[{"embeddable":true,"href":"https:\/\/www.elektrisch-auf-tour.de\/en\/wp-json\/wp\/v2\/users\/1"}],"replies":[{"embeddable":true,"href":"https:\/\/www.elektrisch-auf-tour.de\/en\/wp-json\/wp\/v2\/comments?post=101"}],"version-history":[{"count":10,"href":"https:\/\/www.elektrisch-auf-tour.de\/en\/wp-json\/wp\/v2\/posts\/101\/revisions"}],"predecessor-version":[{"id":880,"href":"https:\/\/www.elektrisch-auf-tour.de\/en\/wp-json\/wp\/v2\/posts\/101\/revisions\/880"}],"wp:attachment":[{"href":"https:\/\/www.elektrisch-auf-tour.de\/en\/wp-json\/wp\/v2\/media?parent=101"}],"wp:term":[{"taxonomy":"category","embeddable":true,"href":"https:\/\/www.elektrisch-auf-tour.de\/en\/wp-json\/wp\/v2\/categories?post=101"},{"taxonomy":"post_tag","embeddable":true,"href":"https:\/\/www.elektrisch-auf-tour.de\/en\/wp-json\/wp\/v2\/tags?post=101"}],"curies":[{"name":"wp","href":"https:\/\/api.w.org\/{rel}","templated":true}]}}