{"id":1331,"date":"2022-08-20T18:01:00","date_gmt":"2022-08-20T16:01:00","guid":{"rendered":"https:\/\/www.elektrisch-auf-tour.de\/?p=1331"},"modified":"2022-12-26T07:58:32","modified_gmt":"2022-12-26T06:58:32","slug":"sintflut-2","status":"publish","type":"post","link":"https:\/\/www.elektrisch-auf-tour.de\/en\/tour\/sintflut-2\/","title":{"rendered":"Sintflut"},"content":{"rendered":"<p>In der zweiten Augusth\u00e4lfte 2022 gab es mehrere Tage, an denen die Wetterlage nicht ganz so stabil war, wie man sich das idealerweise w\u00fcnschen w\u00fcrde. An diesen Tagen gab es immer wieder sehr starke Gewitter mit ziemlich viel Niederschlag.<\/p>\n\n\n\n<p>Aber das sollte mich erst Mal nicht aufhalten. Ich bin ja nicht aus Zucker gemacht &#8230; \ud83d\ude33\ud83d\ude48.<\/p>\n\n\n\n<figure class=\"wp-block-image size-large\"><img fetchpriority=\"high\" decoding=\"async\" width=\"1024\" height=\"576\" src=\"https:\/\/www.elektrisch-auf-tour.de\/wp-content\/uploads\/2022\/11\/20220820_184341_793-1024x576.jpg\" alt=\"\" class=\"wp-image-1334\" srcset=\"https:\/\/www.elektrisch-auf-tour.de\/wp-content\/uploads\/2022\/11\/20220820_184341_793-1024x576.jpg 1024w, https:\/\/www.elektrisch-auf-tour.de\/wp-content\/uploads\/2022\/11\/20220820_184341_793-300x169.jpg 300w, https:\/\/www.elektrisch-auf-tour.de\/wp-content\/uploads\/2022\/11\/20220820_184341_793-768x432.jpg 768w, https:\/\/www.elektrisch-auf-tour.de\/wp-content\/uploads\/2022\/11\/20220820_184341_793-1536x864.jpg 1536w, https:\/\/www.elektrisch-auf-tour.de\/wp-content\/uploads\/2022\/11\/20220820_184341_793-2048x1152.jpg 2048w, https:\/\/www.elektrisch-auf-tour.de\/wp-content\/uploads\/2022\/11\/20220820_184341_793-676x380.jpg 676w\" sizes=\"(max-width: 1024px) 100vw, 1024px\" \/><figcaption class=\"wp-element-caption\">vor Oberm\u00e4ssing<\/figcaption><\/figure>\n\n\n\n<p>Kurz vor Oberm\u00e4ssing hat es dann auch schon mal leicht zu regnen angefangen.<\/p>\n\n\n\n<!--more-->\n\n\n<div class=\"wp-block-image\">\n<figure class=\"aligncenter size-large is-resized\"><img decoding=\"async\" src=\"https:\/\/www.elektrisch-auf-tour.de\/wp-content\/uploads\/2022\/11\/20220820_184010_941-576x1024.jpg\" alt=\"\" class=\"wp-image-1335\" width=\"432\" height=\"768\" srcset=\"https:\/\/www.elektrisch-auf-tour.de\/wp-content\/uploads\/2022\/11\/20220820_184010_941-576x1024.jpg 576w, https:\/\/www.elektrisch-auf-tour.de\/wp-content\/uploads\/2022\/11\/20220820_184010_941-169x300.jpg 169w, https:\/\/www.elektrisch-auf-tour.de\/wp-content\/uploads\/2022\/11\/20220820_184010_941-768x1365.jpg 768w, https:\/\/www.elektrisch-auf-tour.de\/wp-content\/uploads\/2022\/11\/20220820_184010_941-864x1536.jpg 864w, https:\/\/www.elektrisch-auf-tour.de\/wp-content\/uploads\/2022\/11\/20220820_184010_941-1152x2048.jpg 1152w, https:\/\/www.elektrisch-auf-tour.de\/wp-content\/uploads\/2022\/11\/20220820_184010_941-676x1202.jpg 676w, https:\/\/www.elektrisch-auf-tour.de\/wp-content\/uploads\/2022\/11\/20220820_184010_941-scaled.jpg 1440w\" sizes=\"(max-width: 432px) 100vw, 432px\" \/><figcaption class=\"wp-element-caption\">Waizenhofen<\/figcaption><\/figure>\n<\/div>\n\n\n<p>Bei Waizenhofen, s\u00fcdlich von Thalm\u00e4ssing ist das dann auch immer mehr geworden. Eigentlich wollte ich in Titting einen Stopp bei der Brauerei Guttmann einlegen &#8211; da fand n\u00e4mlich an diesem Wochenende deren Kellerfest statt &#8211; dort standen dann aber m\u00e4chtig schwarze Gewitterwolken am Himmel, dass ich mich zur Flucht in Richtung Heimat entschieden habe.<\/p>\n\n\n<div class=\"wp-block-image\">\n<figure class=\"aligncenter size-large is-resized\"><img decoding=\"async\" src=\"https:\/\/www.elektrisch-auf-tour.de\/wp-content\/uploads\/2022\/11\/20220820_183813_394-576x1024.jpg\" alt=\"\" class=\"wp-image-1336\" width=\"432\" height=\"768\" srcset=\"https:\/\/www.elektrisch-auf-tour.de\/wp-content\/uploads\/2022\/11\/20220820_183813_394-576x1024.jpg 576w, https:\/\/www.elektrisch-auf-tour.de\/wp-content\/uploads\/2022\/11\/20220820_183813_394-169x300.jpg 169w, https:\/\/www.elektrisch-auf-tour.de\/wp-content\/uploads\/2022\/11\/20220820_183813_394-768x1365.jpg 768w, https:\/\/www.elektrisch-auf-tour.de\/wp-content\/uploads\/2022\/11\/20220820_183813_394-864x1536.jpg 864w, https:\/\/www.elektrisch-auf-tour.de\/wp-content\/uploads\/2022\/11\/20220820_183813_394-1152x2048.jpg 1152w, https:\/\/www.elektrisch-auf-tour.de\/wp-content\/uploads\/2022\/11\/20220820_183813_394-676x1202.jpg 676w, https:\/\/www.elektrisch-auf-tour.de\/wp-content\/uploads\/2022\/11\/20220820_183813_394-scaled.jpg 1440w\" sizes=\"(max-width: 432px) 100vw, 432px\" \/><figcaption class=\"wp-element-caption\">kurz nach Titting<\/figcaption><\/figure>\n<\/div>\n\n\n<p>Auf der Strecke von Kraftsbuch runter nach Greding ging es dann aber so richtig los. Das Gewitter war nicht wirklich weit weg und der Niederschlag wurde so viel, dass sich das Wasser auf der Stra\u00dfe gef\u00fchlte 10 cm hoch den Weg in Richtung Tal gesucht hat \ud83d\ude28\u2614\ud83c\udf08.<\/p>\n\n\n<div class=\"wp-block-image\">\n<figure class=\"aligncenter size-large is-resized\"><img loading=\"lazy\" decoding=\"async\" src=\"https:\/\/www.elektrisch-auf-tour.de\/wp-content\/uploads\/2022\/11\/20220820_183318_302-576x1024.jpg\" alt=\"\" class=\"wp-image-1337\" width=\"432\" height=\"768\" srcset=\"https:\/\/www.elektrisch-auf-tour.de\/wp-content\/uploads\/2022\/11\/20220820_183318_302-576x1024.jpg 576w, https:\/\/www.elektrisch-auf-tour.de\/wp-content\/uploads\/2022\/11\/20220820_183318_302-169x300.jpg 169w, https:\/\/www.elektrisch-auf-tour.de\/wp-content\/uploads\/2022\/11\/20220820_183318_302-768x1365.jpg 768w, https:\/\/www.elektrisch-auf-tour.de\/wp-content\/uploads\/2022\/11\/20220820_183318_302-864x1536.jpg 864w, https:\/\/www.elektrisch-auf-tour.de\/wp-content\/uploads\/2022\/11\/20220820_183318_302-1152x2048.jpg 1152w, https:\/\/www.elektrisch-auf-tour.de\/wp-content\/uploads\/2022\/11\/20220820_183318_302-676x1202.jpg 676w, https:\/\/www.elektrisch-auf-tour.de\/wp-content\/uploads\/2022\/11\/20220820_183318_302-scaled.jpg 1440w\" sizes=\"(max-width: 432px) 100vw, 432px\" \/><figcaption class=\"wp-element-caption\">Abfahrt in Richtung Greding<\/figcaption><\/figure>\n<\/div>\n\n\n<p>Mit entsprechend angepasster Geschwindigkeit war das aber auch kein wirkliches Problem. Kurz vor Greding ist mir dann aber ein Auto entgegengekommen, das mir dann einen Schwall Wasser direkt vor den &#8218;Latz&#8216; geknallt hat. Das muss dann irgendwie den Weg zwischen Jacke und Hose gefunden haben, denn da war ich dann zuhause etwas nass. Der Rest des Kerls ist ansonsten trocken geblieben \ud83d\ude00.<\/p>\n\n\n<div class=\"wp-block-image\">\n<figure class=\"aligncenter size-large is-resized\"><img loading=\"lazy\" decoding=\"async\" src=\"https:\/\/www.elektrisch-auf-tour.de\/wp-content\/uploads\/2022\/11\/20220820_183334_776-576x1024.jpg\" alt=\"\" class=\"wp-image-1338\" width=\"432\" height=\"768\" srcset=\"https:\/\/www.elektrisch-auf-tour.de\/wp-content\/uploads\/2022\/11\/20220820_183334_776-576x1024.jpg 576w, https:\/\/www.elektrisch-auf-tour.de\/wp-content\/uploads\/2022\/11\/20220820_183334_776-169x300.jpg 169w, https:\/\/www.elektrisch-auf-tour.de\/wp-content\/uploads\/2022\/11\/20220820_183334_776-768x1365.jpg 768w, https:\/\/www.elektrisch-auf-tour.de\/wp-content\/uploads\/2022\/11\/20220820_183334_776-864x1536.jpg 864w, https:\/\/www.elektrisch-auf-tour.de\/wp-content\/uploads\/2022\/11\/20220820_183334_776-1152x2048.jpg 1152w, https:\/\/www.elektrisch-auf-tour.de\/wp-content\/uploads\/2022\/11\/20220820_183334_776-676x1202.jpg 676w, https:\/\/www.elektrisch-auf-tour.de\/wp-content\/uploads\/2022\/11\/20220820_183334_776-scaled.jpg 1440w\" sizes=\"(max-width: 432px) 100vw, 432px\" \/><figcaption class=\"wp-element-caption\">Abfahrt in Richtung Greding<\/figcaption><\/figure>\n<\/div>\n\n\n<p>In Greding angekommen habe ich dann an einer Tankstelle einen vern\u00fcnftigen Unterschlupf gefunden. Der ganze Spuk hat noch eine gute vierte Stunde gedauert.<\/p>\n\n\n\n<figure class=\"wp-block-image size-large\"><img loading=\"lazy\" decoding=\"async\" width=\"1024\" height=\"576\" src=\"https:\/\/www.elektrisch-auf-tour.de\/wp-content\/uploads\/2022\/11\/20220820_183147_654-1024x576.jpg\" alt=\"\" class=\"wp-image-1339\" srcset=\"https:\/\/www.elektrisch-auf-tour.de\/wp-content\/uploads\/2022\/11\/20220820_183147_654-1024x576.jpg 1024w, https:\/\/www.elektrisch-auf-tour.de\/wp-content\/uploads\/2022\/11\/20220820_183147_654-300x169.jpg 300w, https:\/\/www.elektrisch-auf-tour.de\/wp-content\/uploads\/2022\/11\/20220820_183147_654-768x432.jpg 768w, https:\/\/www.elektrisch-auf-tour.de\/wp-content\/uploads\/2022\/11\/20220820_183147_654-1536x864.jpg 1536w, https:\/\/www.elektrisch-auf-tour.de\/wp-content\/uploads\/2022\/11\/20220820_183147_654-2048x1152.jpg 2048w, https:\/\/www.elektrisch-auf-tour.de\/wp-content\/uploads\/2022\/11\/20220820_183147_654-676x380.jpg 676w\" sizes=\"(max-width: 1024px) 100vw, 1024px\" \/><figcaption class=\"wp-element-caption\">Tankstelle &#8230; nicht zum Tanken<\/figcaption><\/figure>\n\n\n\n<figure class=\"wp-block-image size-large\"><img loading=\"lazy\" decoding=\"async\" width=\"1024\" height=\"576\" src=\"https:\/\/www.elektrisch-auf-tour.de\/wp-content\/uploads\/2022\/11\/20220820_183235_535-1024x576.jpg\" alt=\"\" class=\"wp-image-1340\" srcset=\"https:\/\/www.elektrisch-auf-tour.de\/wp-content\/uploads\/2022\/11\/20220820_183235_535-1024x576.jpg 1024w, https:\/\/www.elektrisch-auf-tour.de\/wp-content\/uploads\/2022\/11\/20220820_183235_535-300x169.jpg 300w, https:\/\/www.elektrisch-auf-tour.de\/wp-content\/uploads\/2022\/11\/20220820_183235_535-768x432.jpg 768w, https:\/\/www.elektrisch-auf-tour.de\/wp-content\/uploads\/2022\/11\/20220820_183235_535-1536x864.jpg 1536w, https:\/\/www.elektrisch-auf-tour.de\/wp-content\/uploads\/2022\/11\/20220820_183235_535-2048x1152.jpg 2048w, https:\/\/www.elektrisch-auf-tour.de\/wp-content\/uploads\/2022\/11\/20220820_183235_535-676x380.jpg 676w\" sizes=\"(max-width: 1024px) 100vw, 1024px\" \/><figcaption class=\"wp-element-caption\">immer noch Sintflut<\/figcaption><\/figure>\n\n\n\n<p>Auf dem Weg weiter in Richtung Beilngries hat mich dann bei Litterzhofen doch noch eine zweite Gewitterzelle eingeholt. An einer landwirtschaftlichen Halle habe ich dann nochmal Halt gemacht und das gr\u00f6bste abgewartet.<\/p>\n\n\n<div class=\"wp-block-image\">\n<figure class=\"aligncenter size-large is-resized\"><img loading=\"lazy\" decoding=\"async\" src=\"https:\/\/www.elektrisch-auf-tour.de\/wp-content\/uploads\/2022\/11\/20220820_165532-1024x768.jpg\" alt=\"\" class=\"wp-image-1341\" width=\"512\" height=\"384\" srcset=\"https:\/\/www.elektrisch-auf-tour.de\/wp-content\/uploads\/2022\/11\/20220820_165532-1024x768.jpg 1024w, https:\/\/www.elektrisch-auf-tour.de\/wp-content\/uploads\/2022\/11\/20220820_165532-300x225.jpg 300w, https:\/\/www.elektrisch-auf-tour.de\/wp-content\/uploads\/2022\/11\/20220820_165532-768x576.jpg 768w, https:\/\/www.elektrisch-auf-tour.de\/wp-content\/uploads\/2022\/11\/20220820_165532-1536x1152.jpg 1536w, https:\/\/www.elektrisch-auf-tour.de\/wp-content\/uploads\/2022\/11\/20220820_165532-2048x1536.jpg 2048w, https:\/\/www.elektrisch-auf-tour.de\/wp-content\/uploads\/2022\/11\/20220820_165532-676x507.jpg 676w\" sizes=\"(max-width: 512px) 100vw, 512px\" \/><figcaption class=\"wp-element-caption\">Unterschlupf bei Litterzhofen<\/figcaption><\/figure>\n<\/div>\n\n\n<figure class=\"wp-block-image size-large\"><img loading=\"lazy\" decoding=\"async\" width=\"1024\" height=\"576\" src=\"https:\/\/www.elektrisch-auf-tour.de\/wp-content\/uploads\/2022\/11\/20220820_165659-1024x576.jpg\" alt=\"\" class=\"wp-image-1342\" srcset=\"https:\/\/www.elektrisch-auf-tour.de\/wp-content\/uploads\/2022\/11\/20220820_165659-1024x576.jpg 1024w, https:\/\/www.elektrisch-auf-tour.de\/wp-content\/uploads\/2022\/11\/20220820_165659-300x169.jpg 300w, https:\/\/www.elektrisch-auf-tour.de\/wp-content\/uploads\/2022\/11\/20220820_165659-768x432.jpg 768w, https:\/\/www.elektrisch-auf-tour.de\/wp-content\/uploads\/2022\/11\/20220820_165659-1536x864.jpg 1536w, https:\/\/www.elektrisch-auf-tour.de\/wp-content\/uploads\/2022\/11\/20220820_165659-2048x1152.jpg 2048w, https:\/\/www.elektrisch-auf-tour.de\/wp-content\/uploads\/2022\/11\/20220820_165659-676x380.jpg 676w\" sizes=\"(max-width: 1024px) 100vw, 1024px\" \/><figcaption class=\"wp-element-caption\">&#8230; so cool hier, wenn man im Trockenen steht &#8230;\ud83d\ude00<\/figcaption><\/figure>\n\n\n\n<p>Als es dann weiter ging war kurz nach Beilngries das ganze Theater vorbei. Hier waren auf einmal alle Stra\u00dfen trocken. Kein einziger Tropfen ist hier vom Himmel gefallen.<\/p>\n\n\n\n<p>Am Abend zeigte sich dann zuhause der Himmel noch von seinen sch\u00f6nsten Seiten \ud83d\ude00.<\/p>\n\n\n\n<figure class=\"wp-block-image size-large\"><img loading=\"lazy\" decoding=\"async\" width=\"1024\" height=\"576\" src=\"https:\/\/www.elektrisch-auf-tour.de\/wp-content\/uploads\/2022\/11\/20220820_202925-1024x576.jpg\" alt=\"\" class=\"wp-image-1343\" srcset=\"https:\/\/www.elektrisch-auf-tour.de\/wp-content\/uploads\/2022\/11\/20220820_202925-1024x576.jpg 1024w, https:\/\/www.elektrisch-auf-tour.de\/wp-content\/uploads\/2022\/11\/20220820_202925-300x169.jpg 300w, https:\/\/www.elektrisch-auf-tour.de\/wp-content\/uploads\/2022\/11\/20220820_202925-768x432.jpg 768w, https:\/\/www.elektrisch-auf-tour.de\/wp-content\/uploads\/2022\/11\/20220820_202925-1536x864.jpg 1536w, https:\/\/www.elektrisch-auf-tour.de\/wp-content\/uploads\/2022\/11\/20220820_202925-2048x1152.jpg 2048w, https:\/\/www.elektrisch-auf-tour.de\/wp-content\/uploads\/2022\/11\/20220820_202925-676x380.jpg 676w\" sizes=\"(max-width: 1024px) 100vw, 1024px\" \/><\/figure>\n\n\n\n<p>Sowas nicht allt\u00e4gliches mag ich. Die Natur mit allen Sinnen wahrnehmen \ud83d\ude28\u2614\ud83c\udf08\ud83d\ude00. Das hat was. War ein toller Tag!<\/p>\n\n\n\n<figure class=\"wp-block-image size-full\"><img loading=\"lazy\" decoding=\"async\" width=\"864\" height=\"859\" src=\"https:\/\/www.elektrisch-auf-tour.de\/wp-content\/uploads\/2022\/11\/Screenshot_20221126_180206.png\" alt=\"\" class=\"wp-image-1332\" srcset=\"https:\/\/www.elektrisch-auf-tour.de\/wp-content\/uploads\/2022\/11\/Screenshot_20221126_180206.png 864w, https:\/\/www.elektrisch-auf-tour.de\/wp-content\/uploads\/2022\/11\/Screenshot_20221126_180206-300x298.png 300w, https:\/\/www.elektrisch-auf-tour.de\/wp-content\/uploads\/2022\/11\/Screenshot_20221126_180206-150x150.png 150w, https:\/\/www.elektrisch-auf-tour.de\/wp-content\/uploads\/2022\/11\/Screenshot_20221126_180206-768x764.png 768w, https:\/\/www.elektrisch-auf-tour.de\/wp-content\/uploads\/2022\/11\/Screenshot_20221126_180206-676x672.png 676w\" sizes=\"(max-width: 864px) 100vw, 864px\" \/><\/figure>\n\n\n\n<p>Daten: 120 km gefahren; Fahrzeit: 2:20<\/p>","protected":false},"excerpt":{"rendered":"<p>In der zweiten Augusth\u00e4lfte 2022 gab es mehrere Tage, an denen die Wetterlage nicht ganz so stabil war, wie man sich das idealerweise w\u00fcnschen w\u00fcrde. An diesen Tagen gab es immer wieder sehr starke Gewitter mit ziemlich viel Niederschlag. Aber das sollte mich erst Mal nicht aufhalten. Ich bin ja nicht aus Zucker gemacht &#8230; [&hellip;]<\/p>\n","protected":false},"author":1,"featured_media":0,"comment_status":"open","ping_status":"open","sticky":false,"template":"","format":"standard","meta":{"footnotes":""},"categories":[9,3,7],"tags":[],"class_list":["post-1331","post","type-post","status-publish","format-standard","hentry","category-elektromotorrad","category-tour","category-zero-sr-f","post-preview"],"_links":{"self":[{"href":"https:\/\/www.elektrisch-auf-tour.de\/en\/wp-json\/wp\/v2\/posts\/1331","targetHints":{"allow":["GET"]}}],"collection":[{"href":"https:\/\/www.elektrisch-auf-tour.de\/en\/wp-json\/wp\/v2\/posts"}],"about":[{"href":"https:\/\/www.elektrisch-auf-tour.de\/en\/wp-json\/wp\/v2\/types\/post"}],"author":[{"embeddable":true,"href":"https:\/\/www.elektrisch-auf-tour.de\/en\/wp-json\/wp\/v2\/users\/1"}],"replies":[{"embeddable":true,"href":"https:\/\/www.elektrisch-auf-tour.de\/en\/wp-json\/wp\/v2\/comments?post=1331"}],"version-history":[{"count":10,"href":"https:\/\/www.elektrisch-auf-tour.de\/en\/wp-json\/wp\/v2\/posts\/1331\/revisions"}],"predecessor-version":[{"id":1454,"href":"https:\/\/www.elektrisch-auf-tour.de\/en\/wp-json\/wp\/v2\/posts\/1331\/revisions\/1454"}],"wp:attachment":[{"href":"https:\/\/www.elektrisch-auf-tour.de\/en\/wp-json\/wp\/v2\/media?parent=1331"}],"wp:term":[{"taxonomy":"category","embeddable":true,"href":"https:\/\/www.elektrisch-auf-tour.de\/en\/wp-json\/wp\/v2\/categories?post=1331"},{"taxonomy":"post_tag","embeddable":true,"href":"https:\/\/www.elektrisch-auf-tour.de\/en\/wp-json\/wp\/v2\/tags?post=1331"}],"curies":[{"name":"wp","href":"https:\/\/api.w.org\/{rel}","templated":true}]}}