{"id":172,"date":"2022-08-15T08:59:00","date_gmt":"2022-08-15T06:59:00","guid":{"rendered":"https:\/\/www.elektrisch-auf-tour.de\/?p=172"},"modified":"2022-12-25T07:13:43","modified_gmt":"2022-12-25T06:13:43","slug":"maria-himmelfahrt-tour-2022","status":"publish","type":"post","link":"https:\/\/www.elektrisch-auf-tour.de\/en\/tour\/maria-himmelfahrt-tour-2022\/","title":{"rendered":"&#8218;Maria Himmelfahrt &#8211; Tour&#8216; 2022"},"content":{"rendered":"<p>Am 15. August bin ich kurz nach 8 Uhr von zuhause aus zu einer Tour Richtung Burglengenfeld und dann weiter nach Regensburg gestartet.<\/p>\n\n\n<div class=\"wp-block-image\">\n<figure class=\"aligncenter size-large\"><img fetchpriority=\"high\" decoding=\"async\" width=\"1024\" height=\"638\" src=\"https:\/\/www.elektrisch-auf-tour.de\/wp-content\/uploads\/2022\/09\/Screenshot-2022-08-16-083417-1-1024x638.jpg\" alt=\"\" class=\"wp-image-345\" srcset=\"https:\/\/www.elektrisch-auf-tour.de\/wp-content\/uploads\/2022\/09\/Screenshot-2022-08-16-083417-1-1024x638.jpg 1024w, https:\/\/www.elektrisch-auf-tour.de\/wp-content\/uploads\/2022\/09\/Screenshot-2022-08-16-083417-1-300x187.jpg 300w, https:\/\/www.elektrisch-auf-tour.de\/wp-content\/uploads\/2022\/09\/Screenshot-2022-08-16-083417-1-768x479.jpg 768w, https:\/\/www.elektrisch-auf-tour.de\/wp-content\/uploads\/2022\/09\/Screenshot-2022-08-16-083417-1-676x421.jpg 676w, https:\/\/www.elektrisch-auf-tour.de\/wp-content\/uploads\/2022\/09\/Screenshot-2022-08-16-083417-1.jpg 1163w\" sizes=\"(max-width: 1024px) 100vw, 1024px\" \/><figcaption class=\"wp-element-caption\">&#8218;Maria Himmelfahrt &#8211; Tour&#8216; 2022<\/figcaption><\/figure>\n<\/div>\n\n\n<p>Der Himmel versprach einen perfekten Tag. Die Sonne versteckte sich zwar hinter Wolken, das f\u00fchrte aber auch dazu, dass die Temperaturen nicht die 30\u00b0 Marke erreichen sollten. Beim Losfahren zeigte das Thermometer angenehme 20\u00b0 C.<\/p>\n\n\n\n<!--more-->\n\n\n\n<p>Los ging es \u00fcber Velburg in Richtung s\u00fcdliches Ende des Truppen\u00fcbungsplatzes. Eigentlich wollte ich durch H\u00f6rmannsdorf nach Hohenfels weiterfahren. Dort war die Ortdurchfahrt jedoch wegen einer l\u00e4ngst \u00fcberf\u00e4lligen Stra\u00dfensanierung gesperrt.<\/p>\n\n\n\n<p>Also weiter in Richtung Parsberg und bei Steinm\u00fchle Richtung Hackenhofen abbiegen. An der Ampel im Gewerbegebiet war der erste weitere Motorradfahrer zu sehen. Komisch, an solch einem sch\u00f6nen Tag so wenig andere Fahrer. Das kann auch an der Uhrzeit liegen. Der andere Fahrer bog auf die A3 in Richtung Regensburg ab.<\/p>\n\n\n\n<p>F\u00fcr mich ging es weiter in Richtung Hohenfels. Bei Gro\u00dfbissendorf kam das erste richtig sch\u00f6ne kurvige Stra\u00dfenst\u00fcck.<\/p>\n\n\n\n<p>In Hohenfels angekommen fuhr ich kurz mal an der dortigen Lades\u00e4ule nahe der Kirche vorbei. Die w\u00e4re frei gewesen. Mein Akku zeigte aber noch gen\u00fcgend Restreichweite, so lange war ich ja auch noch nicht unterwegs.<\/p>\n\n\n\n<figure class=\"wp-block-image size-large\"><img decoding=\"async\" width=\"1024\" height=\"576\" src=\"https:\/\/www.elektrisch-auf-tour.de\/wp-content\/uploads\/2022\/09\/20220815_085820-1024x576.jpg\" alt=\"\" class=\"wp-image-343\" srcset=\"https:\/\/www.elektrisch-auf-tour.de\/wp-content\/uploads\/2022\/09\/20220815_085820-1024x576.jpg 1024w, https:\/\/www.elektrisch-auf-tour.de\/wp-content\/uploads\/2022\/09\/20220815_085820-300x169.jpg 300w, https:\/\/www.elektrisch-auf-tour.de\/wp-content\/uploads\/2022\/09\/20220815_085820-768x432.jpg 768w, https:\/\/www.elektrisch-auf-tour.de\/wp-content\/uploads\/2022\/09\/20220815_085820-1536x864.jpg 1536w, https:\/\/www.elektrisch-auf-tour.de\/wp-content\/uploads\/2022\/09\/20220815_085820-2048x1152.jpg 2048w, https:\/\/www.elektrisch-auf-tour.de\/wp-content\/uploads\/2022\/09\/20220815_085820-676x380.jpg 676w\" sizes=\"(max-width: 1024px) 100vw, 1024px\" \/><figcaption class=\"wp-element-caption\">Hohenfels<\/figcaption><\/figure>\n\n\n\n<p>Die kurvige Strecke Richtung Rohrbach konnte ich wieder allein genie\u00dfen. Kein weiteres Fahrzeug auf der Stra\u00dfe.<\/p>\n\n\n\n<p>Von Rohrbach aus ging es \u00fcber Eich weiter nach Burglengenfeld.<\/p>\n\n\n\n<p>Durch Eich bin ich schon mal gefahren. Dort f\u00e4llt jedes Mal die Kurve am Ortsausgang auf, von der man einen wunderbaren Blick zur Naab hat.<\/p>\n\n\n\n<p>Auf der Weiterfahrt waren einige Hundebesitzer mit eben jenen beim Gassigehen zu sehen.<\/p>\n\n\n\n<p>Auch die genossen scheinbar den fr\u00fchen Morgen und die besondere Stimmung an der Naab. Ein paar Sonnenstrahlen fanden den Weg durch die Wolken und die frische Luft Rund um den Fluss sorgte f\u00fcr erholsame Atemz\u00fcge.<\/p>\n\n\n\n<p>Von Burglengenfeld aus ging es weiter in Richtung Regenstauf. Hier war sofort die nahe Autobahn zu bemerken. Viele Gesch\u00e4fte, zum Teil Logistikhallen und Betriebe sorgten f\u00fcr weitr\u00e4umig ausgebaute Stra\u00dfen. Nicht wirklich mein Fall, da es darauf nur stupide gerade aus geht.<\/p>\n\n\n\n<p>In Diesenbach, kurz vor Regenstauf, bin ich links abgebogen, um an der westlichen Seite der Naab bis Hirschling zu fahren.<\/p>\n\n\n\n<p>Vor der Weiterfahrt dorthin war der ersten Ladestopp der Tour geplant. Am Friedhof in Diesenbach soll es eine Ladestation der REWAG geben. Also auf den Parkplatz des Friedhofs abgebogen und diesen dann entlanggefahren. Die Ladestation fand sich dann erst an der n\u00e4chsten Seitenstra\u00dfe. Somit geh\u00f6rt die Station zu einem nahen Wohngebiet und nicht direkt zum Friedhof. Das hatte mich vorher schon leicht irritiert. Warum soll eine Ladestation an einem Friedhof zur Verf\u00fcgung gestellt werden?<\/p>\n\n\n\n<p>Die SR\/F war schnell mit der Station verbunden. Ich trieb mich dann erst Mal zu Fu\u00df Richtung Ortszentrum herum. Die Friedhofsbesucher gr\u00fc\u00dften alle recht freundlich.<\/p>\n\n\n\n<p>Nach etwa 15 Minuten kam ich zur Ladestation zur\u00fcck. Scheinbar hat ein naher Bewohner schon auf diesen Moment gewartet. Der kam n\u00e4mlich, als er mich gesehen hat, schnurstracks auf mich zu.<\/p>\n\n\n\n<figure class=\"wp-block-image size-large\"><img decoding=\"async\" width=\"1024\" height=\"576\" src=\"https:\/\/www.elektrisch-auf-tour.de\/wp-content\/uploads\/2022\/09\/20220815_093055-1024x576.jpg\" alt=\"\" class=\"wp-image-344\" srcset=\"https:\/\/www.elektrisch-auf-tour.de\/wp-content\/uploads\/2022\/09\/20220815_093055-1024x576.jpg 1024w, https:\/\/www.elektrisch-auf-tour.de\/wp-content\/uploads\/2022\/09\/20220815_093055-300x169.jpg 300w, https:\/\/www.elektrisch-auf-tour.de\/wp-content\/uploads\/2022\/09\/20220815_093055-768x432.jpg 768w, https:\/\/www.elektrisch-auf-tour.de\/wp-content\/uploads\/2022\/09\/20220815_093055-1536x864.jpg 1536w, https:\/\/www.elektrisch-auf-tour.de\/wp-content\/uploads\/2022\/09\/20220815_093055-2048x1152.jpg 2048w, https:\/\/www.elektrisch-auf-tour.de\/wp-content\/uploads\/2022\/09\/20220815_093055-676x380.jpg 676w\" sizes=\"(max-width: 1024px) 100vw, 1024px\" \/><figcaption class=\"wp-element-caption\">Laden in Diesenbach<\/figcaption><\/figure>\n\n\n\n<p>In einem Gespr\u00e4ch wurde ich um allerlei Informationen zum Motorrad erleichtert. Es zeigte sich wieder: Menschenscheu darf man mit einem Elektromotorrad nicht sein. Das Gespr\u00e4ch dauerte nochmal etwa 15 Minuten. Mit 3,3 kWh geladen ging es weiter in Richtung Hirschling. Bei der Wegfahrt wollte der Gespr\u00e4chspartner noch das Ger\u00e4usch der SR\/F h\u00f6ren. War aber nicht wirklich spektakul\u00e4r f\u00fcr ihn. &#8222;Oh, die l\u00e4uft ja schon.&#8220; war sein Kommentar.<\/p>\n\n\n\n<p>Dieses St\u00fcck der Naab entlang ist jedes Mal sch\u00f6n zu fahren. Die enge kurvige Stra\u00dfe, der nahe Wald, die wenigen Menschen am Wasser und der naturbelassene Flu\u00df geben diesem Eck eine besondere Sch\u00f6nheit.<\/p>\n\n\n\n<p>In Hirschling ging es \u00fcber die enge Br\u00fccke auf die Ostseite.<\/p>\n\n\n\n<p>\u00dcber Karlstein, Seiberdorf und Thanhausen bin ich in Richtung Dunstkreis Regensburg weitergefahren. Die zum Teil richtig sch\u00f6n kurvige Stra\u00dfe ist in einem Teilbereich auf 40 km\/h beschr\u00e4nkt. Stra\u00dfensch\u00e4den haben zu dieser Ma\u00dfnahme gef\u00fchrt. Schade eigentlich, das St\u00fcck lie\u00dfe sich sonst so richtig sch\u00f6n fl\u00fcssig fahren.<\/p>\n\n\n\n<p>Im Regensburger Gewerbepark stand ein weiterer kurzen Ladestopp an. Der nahe See lud zum Verweilen ein.<\/p>\n\n\n\n<figure class=\"wp-block-image size-large\"><img loading=\"lazy\" decoding=\"async\" width=\"1024\" height=\"576\" src=\"https:\/\/www.elektrisch-auf-tour.de\/wp-content\/uploads\/2022\/09\/20220815_111827-1024x576.jpg\" alt=\"\" class=\"wp-image-346\" srcset=\"https:\/\/www.elektrisch-auf-tour.de\/wp-content\/uploads\/2022\/09\/20220815_111827-1024x576.jpg 1024w, https:\/\/www.elektrisch-auf-tour.de\/wp-content\/uploads\/2022\/09\/20220815_111827-300x169.jpg 300w, https:\/\/www.elektrisch-auf-tour.de\/wp-content\/uploads\/2022\/09\/20220815_111827-768x432.jpg 768w, https:\/\/www.elektrisch-auf-tour.de\/wp-content\/uploads\/2022\/09\/20220815_111827-1536x864.jpg 1536w, https:\/\/www.elektrisch-auf-tour.de\/wp-content\/uploads\/2022\/09\/20220815_111827-2048x1152.jpg 2048w, https:\/\/www.elektrisch-auf-tour.de\/wp-content\/uploads\/2022\/09\/20220815_111827-676x380.jpg 676w\" sizes=\"(max-width: 1024px) 100vw, 1024px\" \/><figcaption class=\"wp-element-caption\">im Gewerbepark<\/figcaption><\/figure>\n\n\n\n<p>Unter einem Baum auf einer Bank konnte ich den einsetzenden leichten Regen genie\u00dfen.<\/p>\n\n\n\n<figure class=\"wp-block-image size-large\"><img loading=\"lazy\" decoding=\"async\" width=\"1024\" height=\"576\" src=\"https:\/\/www.elektrisch-auf-tour.de\/wp-content\/uploads\/2022\/09\/20220815_110304-1024x576.jpg\" alt=\"\" class=\"wp-image-347\" srcset=\"https:\/\/www.elektrisch-auf-tour.de\/wp-content\/uploads\/2022\/09\/20220815_110304-1024x576.jpg 1024w, https:\/\/www.elektrisch-auf-tour.de\/wp-content\/uploads\/2022\/09\/20220815_110304-300x169.jpg 300w, https:\/\/www.elektrisch-auf-tour.de\/wp-content\/uploads\/2022\/09\/20220815_110304-768x432.jpg 768w, https:\/\/www.elektrisch-auf-tour.de\/wp-content\/uploads\/2022\/09\/20220815_110304-1536x864.jpg 1536w, https:\/\/www.elektrisch-auf-tour.de\/wp-content\/uploads\/2022\/09\/20220815_110304-2048x1152.jpg 2048w, https:\/\/www.elektrisch-auf-tour.de\/wp-content\/uploads\/2022\/09\/20220815_110304-676x380.jpg 676w\" sizes=\"(max-width: 1024px) 100vw, 1024px\" \/><figcaption class=\"wp-element-caption\">Gewerbepark Regensburg<\/figcaption><\/figure>\n\n\n\n<p>Eigentlich wollte ich dieses Mal die Donauf\u00e4hre bei Pr\u00fcfening nehmen, um auf die Nordseite der Donau zu gelangen.<\/p>\n\n\n\n<p>Dort war ich im Fr\u00fchjahr schon mal, musste damals aber vergeblich auf die F\u00e4hre warten. Betrieb ist erst ab dem Fr\u00fchsommer im Mai.<\/p>\n\n\n\n<p>Dieses Mal machte mir die Tageszeit einen Strich durch die Rechnung. Die F\u00e4hre f\u00e4hrt sonn- und feiertags erst ab 13 Uhr. Somit nahm ich die nahe A3 zur \u00dcberquerung der Donau. Bestimmt bei weitem nicht so sch\u00f6n wie die F\u00e4hre. Vielleicht klappt es ja beim n\u00e4chsten Mal.<\/p>\n\n\n\n<p>Von der A3 bin ich dann auch bei Sinzing schon wieder runtergefahren, um Richtung Labertal zu kommen. An Riegling und dem Walderlebniszentrum vorbei ging es durch Eilsbrunn ins Tal der schwarzen Laber.<\/p>\n\n\n\n<p>Ein herrliches St\u00fcck Natur mit engen Stra\u00dfen und vielen Kurven lag vor mir. Die Fahrt auf dieser Strecke bis Granswang macht immer wieder Spa\u00df. Kurz vor Beratzhausen wurde ich von zwei jungen Wilden \u00fcberholt. Bis Beratzhausen blieb ich an den beiden dran, so eine Hatz macht mir aber nicht wirklich Spa\u00df. In Beratzhausen bin ich rechts abgebogen, um die vielen Kurven nach Schwarzenthonhausen zu genie\u00dfen.<\/p>\n\n\n\n<p>Kurz vor Lupburg dann noch die Kurven bei Wieselbruck mitgenommen und dann ging es auch schon \u00fcber Parsberg, Batzhausen und Deining zur\u00fcck nach Hause.<\/p>\n\n\n\n<p>Fazit:<\/p>\n\n\n\n<ul class=\"wp-block-list\">\n<li>180 Kilometer<\/li>\n\n\n\n<li>Fahrzeit 3 Stunden und 15 Minuten<\/li>\n\n\n\n<li>viel sch\u00f6ne Natur gesehen<\/li>\n\n\n\n<li>gem\u00fctlich durch Regenburg gegondelt<\/li>\n\n\n\n<li>das Labertal genossen<\/li>\n\n\n\n<li>ein perfekter Feiertagsvormittag<\/li>\n<\/ul>\n\n\n\n<p>Technik:<\/p>\n\n\n\n<ul class=\"wp-block-list\">\n<li>Zero SR\/F Baujahr 2020<\/li>\n\n\n\n<li>mit 2 integrierten Ladeger\u00e4ten a 3 kW Ladeleistung<\/li>\n\n\n\n<li>erster Ladestopp: 3,3 kWh geladen &#8211; Dauer: 32 Minuten<\/li>\n\n\n\n<li>zweiter Ladestopp: 2,3 kWh geladen &#8211; Dauer: 23 Minuten<\/li>\n<\/ul>","protected":false},"excerpt":{"rendered":"<p>Am 15. August bin ich kurz nach 8 Uhr von zuhause aus zu einer Tour Richtung Burglengenfeld und dann weiter nach Regensburg gestartet. Der Himmel versprach einen perfekten Tag. Die Sonne versteckte sich zwar hinter Wolken, das f\u00fchrte aber auch dazu, dass die Temperaturen nicht die 30\u00b0 Marke erreichen sollten. Beim Losfahren zeigte das Thermometer [&hellip;]<\/p>\n","protected":false},"author":1,"featured_media":0,"comment_status":"open","ping_status":"open","sticky":false,"template":"","format":"standard","meta":{"footnotes":""},"categories":[9,3,7],"tags":[],"class_list":["post-172","post","type-post","status-publish","format-standard","hentry","category-elektromotorrad","category-tour","category-zero-sr-f","post-preview"],"_links":{"self":[{"href":"https:\/\/www.elektrisch-auf-tour.de\/en\/wp-json\/wp\/v2\/posts\/172","targetHints":{"allow":["GET"]}}],"collection":[{"href":"https:\/\/www.elektrisch-auf-tour.de\/en\/wp-json\/wp\/v2\/posts"}],"about":[{"href":"https:\/\/www.elektrisch-auf-tour.de\/en\/wp-json\/wp\/v2\/types\/post"}],"author":[{"embeddable":true,"href":"https:\/\/www.elektrisch-auf-tour.de\/en\/wp-json\/wp\/v2\/users\/1"}],"replies":[{"embeddable":true,"href":"https:\/\/www.elektrisch-auf-tour.de\/en\/wp-json\/wp\/v2\/comments?post=172"}],"version-history":[{"count":9,"href":"https:\/\/www.elektrisch-auf-tour.de\/en\/wp-json\/wp\/v2\/posts\/172\/revisions"}],"predecessor-version":[{"id":1452,"href":"https:\/\/www.elektrisch-auf-tour.de\/en\/wp-json\/wp\/v2\/posts\/172\/revisions\/1452"}],"wp:attachment":[{"href":"https:\/\/www.elektrisch-auf-tour.de\/en\/wp-json\/wp\/v2\/media?parent=172"}],"wp:term":[{"taxonomy":"category","embeddable":true,"href":"https:\/\/www.elektrisch-auf-tour.de\/en\/wp-json\/wp\/v2\/categories?post=172"},{"taxonomy":"post_tag","embeddable":true,"href":"https:\/\/www.elektrisch-auf-tour.de\/en\/wp-json\/wp\/v2\/tags?post=172"}],"curies":[{"name":"wp","href":"https:\/\/api.w.org\/{rel}","templated":true}]}}