{"id":1916,"date":"2023-07-03T21:21:32","date_gmt":"2023-07-03T19:21:32","guid":{"rendered":"https:\/\/www.elektrisch-auf-tour.de\/?p=1916"},"modified":"2023-07-03T21:21:32","modified_gmt":"2023-07-03T19:21:32","slug":"generalprobe-pacerace-%f0%9f%98%80","status":"publish","type":"post","link":"https:\/\/www.elektrisch-auf-tour.de\/en\/tour\/generalprobe-pacerace-%f0%9f%98%80\/","title":{"rendered":"Generalprobe PaceRace \ud83d\ude00"},"content":{"rendered":"<p>So ganz unvorbereitet will ich am 5. August dann doch nicht ins PaceRace starten. Somit nutzte ich den vergangenen Sonntag, um mich f\u00fcr eine l\u00e4ngere Tour in den Bayerischen Wald zu verdr\u00fccken &#8230; immer gut, wenn man vern\u00fcnftige Gr\u00fcnde hat, um seinem Hobby zu fr\u00f6nen\ud83d\ude48\ud83d\ude00.<\/p>\n\n\n\n<p>Losgefahren bin ich um 7:15 Uhr bei angenehmen 15\u00b0C. Bei einem ersten Stopp in der N\u00e4he von Falkenstein habe ich dann doch ein langes Shirt unter die Jacke gezogen, irgendwie wollte der Sommer heute nicht ganz so anspringen, wie er es die letzten Wochen eigentlich immer getan hat. Nun, wird schon noch werden &#8230;<\/p>\n\n\n\n<p>Auf jeden Fall gab es hier schon mal eine erste sch\u00f6ne Aussicht in Richtung Bayerischer Wald.<\/p>\n\n\n\n<figure class=\"wp-block-image size-large\"><img fetchpriority=\"high\" decoding=\"async\" width=\"1024\" height=\"576\" src=\"https:\/\/www.elektrisch-auf-tour.de\/wp-content\/uploads\/2023\/07\/20230702_085323-1024x576.jpg\" alt=\"\" class=\"wp-image-1917\" srcset=\"https:\/\/www.elektrisch-auf-tour.de\/wp-content\/uploads\/2023\/07\/20230702_085323-1024x576.jpg 1024w, https:\/\/www.elektrisch-auf-tour.de\/wp-content\/uploads\/2023\/07\/20230702_085323-300x169.jpg 300w, https:\/\/www.elektrisch-auf-tour.de\/wp-content\/uploads\/2023\/07\/20230702_085323-768x432.jpg 768w, https:\/\/www.elektrisch-auf-tour.de\/wp-content\/uploads\/2023\/07\/20230702_085323-1536x864.jpg 1536w, https:\/\/www.elektrisch-auf-tour.de\/wp-content\/uploads\/2023\/07\/20230702_085323-2048x1152.jpg 2048w, https:\/\/www.elektrisch-auf-tour.de\/wp-content\/uploads\/2023\/07\/20230702_085323-676x380.jpg 676w\" sizes=\"(max-width: 1024px) 100vw, 1024px\" \/><figcaption class=\"wp-element-caption\">Erster kurzer Halt mit genialer Aussicht<\/figcaption><\/figure>\n\n\n\n<p>Ich darf es gar nicht laut erz\u00e4hlen, aber ab hier habe ich dann mal die Griffheizung eingeschaltet &#8211; irgendwie verliert man im Alter mehr W\u00e4rme als das noch in der Jugend der Fall war \ud83d\ude28.<\/p>\n\n\n\n<!--more-->\n\n\n\n<p>Der erste l\u00e4ngere Halt war aber schon in greifbarer N\u00e4he. In St. Englmar hatte ich ein zweites Fr\u00fchst\u00fcck eingeplant und einen ersten Ladestopp f\u00fcr die SR\/F. Das Wetter wurde aber immer noch nicht besser. Im Gegenteil &#8211; Grau in Grau war angesagt.<\/p>\n\n\n\n<figure class=\"wp-block-image size-large\"><img decoding=\"async\" width=\"1024\" height=\"576\" src=\"https:\/\/www.elektrisch-auf-tour.de\/wp-content\/uploads\/2023\/07\/20230702_093644-1024x576.jpg\" alt=\"\" class=\"wp-image-1919\" srcset=\"https:\/\/www.elektrisch-auf-tour.de\/wp-content\/uploads\/2023\/07\/20230702_093644-1024x576.jpg 1024w, https:\/\/www.elektrisch-auf-tour.de\/wp-content\/uploads\/2023\/07\/20230702_093644-300x169.jpg 300w, https:\/\/www.elektrisch-auf-tour.de\/wp-content\/uploads\/2023\/07\/20230702_093644-768x432.jpg 768w, https:\/\/www.elektrisch-auf-tour.de\/wp-content\/uploads\/2023\/07\/20230702_093644-1536x864.jpg 1536w, https:\/\/www.elektrisch-auf-tour.de\/wp-content\/uploads\/2023\/07\/20230702_093644-2048x1152.jpg 2048w, https:\/\/www.elektrisch-auf-tour.de\/wp-content\/uploads\/2023\/07\/20230702_093644-676x380.jpg 676w\" sizes=\"(max-width: 1024px) 100vw, 1024px\" \/><figcaption class=\"wp-element-caption\">Zweites Fr\u00fchst\u00fcck in St. Englmar<\/figcaption><\/figure>\n\n\n\n<p>Nach den bis hierher gefahrenen 137 km war der Akkustand der SR\/F von 110% auf 24% gesunken. Plan bei der Fahrt war, nicht auf eine stromsparende Fahrweise zu achten, sondern so z\u00fcgig wie m\u00f6glich durchzufahren. Mit den 24% w\u00e4ren laut Anzeige der SR\/F noch 35 km m\u00f6glich gewesen.<\/p>\n\n\n\n<figure class=\"wp-block-image size-large\"><img decoding=\"async\" width=\"1024\" height=\"576\" src=\"https:\/\/www.elektrisch-auf-tour.de\/wp-content\/uploads\/2023\/07\/20230702_093020-1024x576.jpg\" alt=\"\" class=\"wp-image-1921\" srcset=\"https:\/\/www.elektrisch-auf-tour.de\/wp-content\/uploads\/2023\/07\/20230702_093020-1024x576.jpg 1024w, https:\/\/www.elektrisch-auf-tour.de\/wp-content\/uploads\/2023\/07\/20230702_093020-300x169.jpg 300w, https:\/\/www.elektrisch-auf-tour.de\/wp-content\/uploads\/2023\/07\/20230702_093020-768x432.jpg 768w, https:\/\/www.elektrisch-auf-tour.de\/wp-content\/uploads\/2023\/07\/20230702_093020-1536x864.jpg 1536w, https:\/\/www.elektrisch-auf-tour.de\/wp-content\/uploads\/2023\/07\/20230702_093020-2048x1152.jpg 2048w, https:\/\/www.elektrisch-auf-tour.de\/wp-content\/uploads\/2023\/07\/20230702_093020-676x380.jpg 676w\" sizes=\"(max-width: 1024px) 100vw, 1024px\" \/><figcaption class=\"wp-element-caption\">Ladestart in St. Englmar mit 12,3 kW<\/figcaption><\/figure>\n\n\n\n<p>Nach ziemlich genau einer halben Stunde f\u00fchrte der einsetzende Regen dazu, dass ich mein Fr\u00fchst\u00fcck zusammengepackt und den Ladevorgang beendet habe. Die zu diesem Zeitpunkt noch angezeigte Ladeleistung hat mich dann etwas irritiert. Mit erreichten 60% Ladung war diese n\u00e4mlich von anf\u00e4nglich 12,3 auf 8,5 kW gesunken &#8230; hm, da stimmt doch was nicht \ud83d\ude48. Das muss auf jeden Fall weiter beobachtet werden.<\/p>\n\n\n\n<p>Wir zwei mussten auf jeden Fall aus diesem verregneten St. Englmar raus. Das macht so keinen Spa\u00df. Der Regen war dann auch 3 km weiter, im n\u00e4chsten Tal, schon vergessen.<\/p>\n\n\n\n<p>In Teisnach, 22km nach St. Englmar, habe ich dann bei trockenem Wetter und angenehmen Temperaturen nochmal an einer Lades\u00e4ule gehalten und die Geschichte mit der verringerten Ladeleistung nochmal gepr\u00fcft.<\/p>\n\n\n\n<p>Da waren bei 56% jetzt lediglich 7,9 kW Ladeleistung m\u00f6glich \ud83d\ude32. Oh Mann, das sind ja schlechte Voraussetzungen f\u00fcr das PaceRace. Bricht die Leistung ab 50% wirklich so abrupt ein? Oder liegt es an den kalten Temperaturen auf dem letzten St\u00fcck bis kurz vor St. Englmar und weiter nach Teisnach?<\/p>\n\n\n\n<figure class=\"wp-block-image size-large\"><img loading=\"lazy\" decoding=\"async\" width=\"1024\" height=\"576\" src=\"https:\/\/www.elektrisch-auf-tour.de\/wp-content\/uploads\/2023\/07\/20230702_103018-1024x576.jpg\" alt=\"\" class=\"wp-image-1922\" srcset=\"https:\/\/www.elektrisch-auf-tour.de\/wp-content\/uploads\/2023\/07\/20230702_103018-1024x576.jpg 1024w, https:\/\/www.elektrisch-auf-tour.de\/wp-content\/uploads\/2023\/07\/20230702_103018-300x169.jpg 300w, https:\/\/www.elektrisch-auf-tour.de\/wp-content\/uploads\/2023\/07\/20230702_103018-768x432.jpg 768w, https:\/\/www.elektrisch-auf-tour.de\/wp-content\/uploads\/2023\/07\/20230702_103018-1536x864.jpg 1536w, https:\/\/www.elektrisch-auf-tour.de\/wp-content\/uploads\/2023\/07\/20230702_103018-2048x1152.jpg 2048w, https:\/\/www.elektrisch-auf-tour.de\/wp-content\/uploads\/2023\/07\/20230702_103018-676x380.jpg 676w\" sizes=\"(max-width: 1024px) 100vw, 1024px\" \/><figcaption class=\"wp-element-caption\">7,9 kW in Teisnach &#8230; da sollte doch eigentlich mehr gehen &#8230;<\/figcaption><\/figure>\n\n\n\n<p>Diesen zweiten Ladevorgang habe ich dann nach 13 Minuten mit geladenen 1,7 kWh abgebrochen und bin weitergefahren. Die Thematik hat mir aber doch zu denken gegeben.<\/p>\n\n\n\n<p>Meinen Kopf &#8218;gerichtet&#8216; hat dann die Fahrt rauf zur Talstation der Arber-Bergbahn. Das &#8218;Eck&#8216; hier ist immer wieder einen Besuch wert. Auch wenn die Temperaturen bei weitem nicht mehr sommerlich waren. Auf den 1100 Metern H\u00f6he wurden nur noch ca. 10\u00b0C angezeigt.<\/p>\n\n\n\n<figure class=\"wp-block-image size-large\"><img loading=\"lazy\" decoding=\"async\" width=\"1024\" height=\"576\" src=\"https:\/\/www.elektrisch-auf-tour.de\/wp-content\/uploads\/2023\/07\/20230702_110322-1024x576.jpg\" alt=\"\" class=\"wp-image-1923\" srcset=\"https:\/\/www.elektrisch-auf-tour.de\/wp-content\/uploads\/2023\/07\/20230702_110322-1024x576.jpg 1024w, https:\/\/www.elektrisch-auf-tour.de\/wp-content\/uploads\/2023\/07\/20230702_110322-300x169.jpg 300w, https:\/\/www.elektrisch-auf-tour.de\/wp-content\/uploads\/2023\/07\/20230702_110322-768x432.jpg 768w, https:\/\/www.elektrisch-auf-tour.de\/wp-content\/uploads\/2023\/07\/20230702_110322-1536x864.jpg 1536w, https:\/\/www.elektrisch-auf-tour.de\/wp-content\/uploads\/2023\/07\/20230702_110322-2048x1152.jpg 2048w, https:\/\/www.elektrisch-auf-tour.de\/wp-content\/uploads\/2023\/07\/20230702_110322-676x380.jpg 676w\" sizes=\"(max-width: 1024px) 100vw, 1024px\" \/><figcaption class=\"wp-element-caption\">Talstation Arber-Bergbahn<\/figcaption><\/figure>\n\n\n\n<figure class=\"wp-block-image size-large\"><img loading=\"lazy\" decoding=\"async\" width=\"1024\" height=\"576\" src=\"https:\/\/www.elektrisch-auf-tour.de\/wp-content\/uploads\/2023\/07\/20230702_110713-1024x576.jpg\" alt=\"\" class=\"wp-image-1924\" srcset=\"https:\/\/www.elektrisch-auf-tour.de\/wp-content\/uploads\/2023\/07\/20230702_110713-1024x576.jpg 1024w, https:\/\/www.elektrisch-auf-tour.de\/wp-content\/uploads\/2023\/07\/20230702_110713-300x169.jpg 300w, https:\/\/www.elektrisch-auf-tour.de\/wp-content\/uploads\/2023\/07\/20230702_110713-768x432.jpg 768w, https:\/\/www.elektrisch-auf-tour.de\/wp-content\/uploads\/2023\/07\/20230702_110713-1536x864.jpg 1536w, https:\/\/www.elektrisch-auf-tour.de\/wp-content\/uploads\/2023\/07\/20230702_110713-2048x1152.jpg 2048w, https:\/\/www.elektrisch-auf-tour.de\/wp-content\/uploads\/2023\/07\/20230702_110713-676x380.jpg 676w\" sizes=\"(max-width: 1024px) 100vw, 1024px\" \/><figcaption class=\"wp-element-caption\">Der Arber in Wolken<\/figcaption><\/figure>\n\n\n\n<p>Auch der obligatorische Stopp an der Hindenburgkanzel mit Blick \u00fcber den Lamer Winkel durfte heute nicht fehlen. Sch\u00f6n ist da bei diesem Wetter nat\u00fcrlich auch, dass man fast als einziger unterwegs ist &#8211; was der leere Parkplatz bezeugen konnte.<\/p>\n\n\n\n<figure class=\"wp-block-image size-large\"><img loading=\"lazy\" decoding=\"async\" width=\"1024\" height=\"576\" src=\"https:\/\/www.elektrisch-auf-tour.de\/wp-content\/uploads\/2023\/07\/20230702_111743-1024x576.jpg\" alt=\"\" class=\"wp-image-1925\" srcset=\"https:\/\/www.elektrisch-auf-tour.de\/wp-content\/uploads\/2023\/07\/20230702_111743-1024x576.jpg 1024w, https:\/\/www.elektrisch-auf-tour.de\/wp-content\/uploads\/2023\/07\/20230702_111743-300x169.jpg 300w, https:\/\/www.elektrisch-auf-tour.de\/wp-content\/uploads\/2023\/07\/20230702_111743-768x432.jpg 768w, https:\/\/www.elektrisch-auf-tour.de\/wp-content\/uploads\/2023\/07\/20230702_111743-1536x864.jpg 1536w, https:\/\/www.elektrisch-auf-tour.de\/wp-content\/uploads\/2023\/07\/20230702_111743-2048x1152.jpg 2048w, https:\/\/www.elektrisch-auf-tour.de\/wp-content\/uploads\/2023\/07\/20230702_111743-676x380.jpg 676w\" sizes=\"(max-width: 1024px) 100vw, 1024px\" \/><figcaption class=\"wp-element-caption\">Lamer Winkel<\/figcaption><\/figure>\n\n\n\n<figure class=\"wp-block-image size-large\"><img loading=\"lazy\" decoding=\"async\" width=\"1024\" height=\"576\" src=\"https:\/\/www.elektrisch-auf-tour.de\/wp-content\/uploads\/2023\/07\/20230702_111752-1024x576.jpg\" alt=\"\" class=\"wp-image-1926\" srcset=\"https:\/\/www.elektrisch-auf-tour.de\/wp-content\/uploads\/2023\/07\/20230702_111752-1024x576.jpg 1024w, https:\/\/www.elektrisch-auf-tour.de\/wp-content\/uploads\/2023\/07\/20230702_111752-300x169.jpg 300w, https:\/\/www.elektrisch-auf-tour.de\/wp-content\/uploads\/2023\/07\/20230702_111752-768x432.jpg 768w, https:\/\/www.elektrisch-auf-tour.de\/wp-content\/uploads\/2023\/07\/20230702_111752-1536x864.jpg 1536w, https:\/\/www.elektrisch-auf-tour.de\/wp-content\/uploads\/2023\/07\/20230702_111752-2048x1152.jpg 2048w, https:\/\/www.elektrisch-auf-tour.de\/wp-content\/uploads\/2023\/07\/20230702_111752-676x380.jpg 676w\" sizes=\"(max-width: 1024px) 100vw, 1024px\" \/><figcaption class=\"wp-element-caption\">Menschenleer am Parkplatz der Hindenburgkanzel<\/figcaption><\/figure>\n\n\n\n<p>Mein Weg f\u00fchrte mich an den Stra\u00dfen nahe der tschechischen Grenze weiter in Richtung Norden. Dort wurde auch das Wetter richtig gut. Der blaue Himmel lie\u00df sich blicken und die Temperaturen wanderten in den gut zweistelligen Bereich. Griffheizung aus, langes Shirt wieder gegen das T-Shirt tauschen.<\/p>\n\n\n\n<figure class=\"wp-block-image size-large\"><img loading=\"lazy\" decoding=\"async\" width=\"1024\" height=\"576\" src=\"https:\/\/www.elektrisch-auf-tour.de\/wp-content\/uploads\/2023\/07\/20230702_120034-1024x576.jpg\" alt=\"\" class=\"wp-image-1927\" srcset=\"https:\/\/www.elektrisch-auf-tour.de\/wp-content\/uploads\/2023\/07\/20230702_120034-1024x576.jpg 1024w, https:\/\/www.elektrisch-auf-tour.de\/wp-content\/uploads\/2023\/07\/20230702_120034-300x169.jpg 300w, https:\/\/www.elektrisch-auf-tour.de\/wp-content\/uploads\/2023\/07\/20230702_120034-768x432.jpg 768w, https:\/\/www.elektrisch-auf-tour.de\/wp-content\/uploads\/2023\/07\/20230702_120034-1536x864.jpg 1536w, https:\/\/www.elektrisch-auf-tour.de\/wp-content\/uploads\/2023\/07\/20230702_120034-2048x1152.jpg 2048w, https:\/\/www.elektrisch-auf-tour.de\/wp-content\/uploads\/2023\/07\/20230702_120034-676x380.jpg 676w\" sizes=\"(max-width: 1024px) 100vw, 1024px\" \/><figcaption class=\"wp-element-caption\">Hoher Bogen von Nord-Osten gesehen<\/figcaption><\/figure>\n\n\n\n<p>Am Drachensee kurz vor Furth im Wald hat das sch\u00f6ne Wetter f\u00fcr einen Stopp direkt am Wasser eingeladen.<\/p>\n\n\n\n<figure class=\"wp-block-image size-large\"><img loading=\"lazy\" decoding=\"async\" width=\"1024\" height=\"576\" src=\"https:\/\/www.elektrisch-auf-tour.de\/wp-content\/uploads\/2023\/07\/20230702_121505-1024x576.jpg\" alt=\"\" class=\"wp-image-1928\" srcset=\"https:\/\/www.elektrisch-auf-tour.de\/wp-content\/uploads\/2023\/07\/20230702_121505-1024x576.jpg 1024w, https:\/\/www.elektrisch-auf-tour.de\/wp-content\/uploads\/2023\/07\/20230702_121505-300x169.jpg 300w, https:\/\/www.elektrisch-auf-tour.de\/wp-content\/uploads\/2023\/07\/20230702_121505-768x432.jpg 768w, https:\/\/www.elektrisch-auf-tour.de\/wp-content\/uploads\/2023\/07\/20230702_121505-1536x864.jpg 1536w, https:\/\/www.elektrisch-auf-tour.de\/wp-content\/uploads\/2023\/07\/20230702_121505-2048x1152.jpg 2048w, https:\/\/www.elektrisch-auf-tour.de\/wp-content\/uploads\/2023\/07\/20230702_121505-676x380.jpg 676w\" sizes=\"(max-width: 1024px) 100vw, 1024px\" \/><figcaption class=\"wp-element-caption\">Drachensee bei Furth im Wald mit Hoher Bogen<\/figcaption><\/figure>\n\n\n\n<figure class=\"wp-block-image size-large\"><img loading=\"lazy\" decoding=\"async\" width=\"1024\" height=\"576\" src=\"https:\/\/www.elektrisch-auf-tour.de\/wp-content\/uploads\/2023\/07\/20230702_121856-1024x576.jpg\" alt=\"\" class=\"wp-image-1929\" srcset=\"https:\/\/www.elektrisch-auf-tour.de\/wp-content\/uploads\/2023\/07\/20230702_121856-1024x576.jpg 1024w, https:\/\/www.elektrisch-auf-tour.de\/wp-content\/uploads\/2023\/07\/20230702_121856-300x169.jpg 300w, https:\/\/www.elektrisch-auf-tour.de\/wp-content\/uploads\/2023\/07\/20230702_121856-768x432.jpg 768w, https:\/\/www.elektrisch-auf-tour.de\/wp-content\/uploads\/2023\/07\/20230702_121856-1536x864.jpg 1536w, https:\/\/www.elektrisch-auf-tour.de\/wp-content\/uploads\/2023\/07\/20230702_121856-2048x1152.jpg 2048w, https:\/\/www.elektrisch-auf-tour.de\/wp-content\/uploads\/2023\/07\/20230702_121856-676x380.jpg 676w\" sizes=\"(max-width: 1024px) 100vw, 1024px\" \/><figcaption class=\"wp-element-caption\">Drachensee<\/figcaption><\/figure>\n\n\n\n<p>In Furth stand dann nach bisher 243 gefahrenen Kilometern die Mittagspause an. Dabei kam mir auch diese Ladethematik wieder in den Kopf. Mal schauen, was sich dazu jetzt ergeben wird.<\/p>\n\n\n\n<p>Ich habe die 50 Minuten Pause dazu genutzt, um die Ladeleistung mit Fotos mal mitzuprotokollieren. Die Leistung ist zwar ab 50% wieder eingebrochen, aber bei weitem nicht so extrem wie beim Stopp von heute Vormittag. Muss also irgendwie auch an den Temperaturen liegen.<\/p>\n\n\n\n<p>Die erfassten Werte sollen zuhause mal in einer Grafik zusammengefasst werden und dann gibt &#8217;s ja auch noch die Daten aus der Lade-App, um zu sehen, was tats\u00e4chlich von der S\u00e4ule zur Verf\u00fcgung gestellt wurde. Bleibt spannend.<\/p>\n\n\n\n<figure class=\"wp-block-image size-large\"><img loading=\"lazy\" decoding=\"async\" width=\"1024\" height=\"576\" src=\"https:\/\/www.elektrisch-auf-tour.de\/wp-content\/uploads\/2023\/07\/20230702_131332-1024x576.jpg\" alt=\"\" class=\"wp-image-1930\" srcset=\"https:\/\/www.elektrisch-auf-tour.de\/wp-content\/uploads\/2023\/07\/20230702_131332-1024x576.jpg 1024w, https:\/\/www.elektrisch-auf-tour.de\/wp-content\/uploads\/2023\/07\/20230702_131332-300x169.jpg 300w, https:\/\/www.elektrisch-auf-tour.de\/wp-content\/uploads\/2023\/07\/20230702_131332-768x432.jpg 768w, https:\/\/www.elektrisch-auf-tour.de\/wp-content\/uploads\/2023\/07\/20230702_131332-1536x864.jpg 1536w, https:\/\/www.elektrisch-auf-tour.de\/wp-content\/uploads\/2023\/07\/20230702_131332-2048x1152.jpg 2048w, https:\/\/www.elektrisch-auf-tour.de\/wp-content\/uploads\/2023\/07\/20230702_131332-676x380.jpg 676w\" sizes=\"(max-width: 1024px) 100vw, 1024px\" \/><figcaption class=\"wp-element-caption\">Mittagspause<\/figcaption><\/figure>\n\n\n\n<p>F\u00fcr den Heimweg standen jetzt noch gut 120 km an. Die h\u00e4tten eigentlich mit der in Furth geladenen Energie machbar sein sollen, doch hat ab Mittag solch heftiger Wind aus Nord-West (also mir genau entgegen) eingesetzt und wirklich &#8217;sparsam&#8216; wollte ich auch nicht unterwegs sein, so dass ich in Teublitz nochmal einen kurzen 10-min\u00fctigen Stopp zum Beine vertreten und zum Nachladen eingelegt habe.<\/p>\n\n\n\n<p>Da war dann auch die Welt, was die &#8218;Laderei&#8216; angeht, wieder in Ordnung \ud83d\ude0e. 2,3 kWh in knapp 11 Minuten &#8211; das ist schon genial. Ladeleistung 12,92 kW.<\/p>\n\n\n\n<p>Zuhause bin ich um 15:30 Uhr nach 389 Kilometern (laut Tacho, 365 km laut GPS) mit 3% und 4km Restreichweite angekommen. Somit fast eine Punktlandung.<\/p>\n\n\n\n<figure class=\"wp-block-image size-large\"><img loading=\"lazy\" decoding=\"async\" width=\"1024\" height=\"576\" src=\"https:\/\/www.elektrisch-auf-tour.de\/wp-content\/uploads\/2023\/07\/20230702_153543-1024x576.jpg\" alt=\"\" class=\"wp-image-1934\" srcset=\"https:\/\/www.elektrisch-auf-tour.de\/wp-content\/uploads\/2023\/07\/20230702_153543-1024x576.jpg 1024w, https:\/\/www.elektrisch-auf-tour.de\/wp-content\/uploads\/2023\/07\/20230702_153543-300x169.jpg 300w, https:\/\/www.elektrisch-auf-tour.de\/wp-content\/uploads\/2023\/07\/20230702_153543-768x432.jpg 768w, https:\/\/www.elektrisch-auf-tour.de\/wp-content\/uploads\/2023\/07\/20230702_153543-1536x864.jpg 1536w, https:\/\/www.elektrisch-auf-tour.de\/wp-content\/uploads\/2023\/07\/20230702_153543-2048x1152.jpg 2048w, https:\/\/www.elektrisch-auf-tour.de\/wp-content\/uploads\/2023\/07\/20230702_153543-676x380.jpg 676w\" sizes=\"(max-width: 1024px) 100vw, 1024px\" \/><figcaption class=\"wp-element-caption\">fast eine Punktladung bei Ankunft zuhause<\/figcaption><\/figure>\n\n\n\n<p>Die gefahrene Strecke sieht auf der Karte so aus:<\/p>\n\n\n\n<figure class=\"wp-block-image size-large\"><img loading=\"lazy\" decoding=\"async\" width=\"1024\" height=\"372\" src=\"https:\/\/www.elektrisch-auf-tour.de\/wp-content\/uploads\/2023\/07\/Arber-Juli-2023-1024x372.jpg\" alt=\"\" class=\"wp-image-1935\" srcset=\"https:\/\/www.elektrisch-auf-tour.de\/wp-content\/uploads\/2023\/07\/Arber-Juli-2023-1024x372.jpg 1024w, https:\/\/www.elektrisch-auf-tour.de\/wp-content\/uploads\/2023\/07\/Arber-Juli-2023-300x109.jpg 300w, https:\/\/www.elektrisch-auf-tour.de\/wp-content\/uploads\/2023\/07\/Arber-Juli-2023-768x279.jpg 768w, https:\/\/www.elektrisch-auf-tour.de\/wp-content\/uploads\/2023\/07\/Arber-Juli-2023-1536x559.jpg 1536w, https:\/\/www.elektrisch-auf-tour.de\/wp-content\/uploads\/2023\/07\/Arber-Juli-2023-2048x745.jpg 2048w, https:\/\/www.elektrisch-auf-tour.de\/wp-content\/uploads\/2023\/07\/Arber-Juli-2023-676x246.jpg 676w\" sizes=\"(max-width: 1024px) 100vw, 1024px\" \/><\/figure>\n\n\n\n<p>Die Auswertung von MAINGAU zu den 4 Ladestopps hat folgende Infos zur Verf\u00fcgung gestellt:<\/p>\n\n\n\n<ul class=\"wp-block-list\">\n<li>St. Englmar: 31:10 Minuten, 5,5 kWh, \u00d8 Ladeleistung: 10,6 kW<\/li>\n\n\n\n<li>Teisnach: 13:47 Minuten, 1,7 kWh, \u00d8 Ladeleistung: 7,6 kW<\/li>\n\n\n\n<li>Furth i. W.: 50:12 Minuten, 8,9 kWh, \u00d8 Ladeleistung: 10,58 kW<\/li>\n\n\n\n<li>Teublitz: 10:45 Minuten, 2,3 kWh, \u00d8 Ladeleistung: 12,92 kW<\/li>\n<\/ul>\n\n\n\n<p>Stromkosten unterwegs komplett: knapp 10 \u20ac<\/p>\n\n\n\n<p>Aus den Fotos vom Display der SR\/F, die ich in Furth w\u00e4hrend des Ladens gemacht habe, ist sp\u00e4ter dann noch folgende Ladekurve entstanden:<\/p>\n\n\n\n<figure class=\"wp-block-image size-large\"><img loading=\"lazy\" decoding=\"async\" width=\"1024\" height=\"430\" src=\"https:\/\/www.elektrisch-auf-tour.de\/wp-content\/uploads\/2023\/07\/Ladekurve-1024x430.jpg\" alt=\"\" class=\"wp-image-1936\" srcset=\"https:\/\/www.elektrisch-auf-tour.de\/wp-content\/uploads\/2023\/07\/Ladekurve-1024x430.jpg 1024w, https:\/\/www.elektrisch-auf-tour.de\/wp-content\/uploads\/2023\/07\/Ladekurve-300x126.jpg 300w, https:\/\/www.elektrisch-auf-tour.de\/wp-content\/uploads\/2023\/07\/Ladekurve-768x323.jpg 768w, https:\/\/www.elektrisch-auf-tour.de\/wp-content\/uploads\/2023\/07\/Ladekurve-676x284.jpg 676w, https:\/\/www.elektrisch-auf-tour.de\/wp-content\/uploads\/2023\/07\/Ladekurve.jpg 1287w\" sizes=\"(max-width: 1024px) 100vw, 1024px\" \/><\/figure>\n\n\n\n<p>Interessant war auch, dass nach ca. 6,5 Stunden Fahrtzeit &#8211; das entspricht der Zeit, die mir beim PaceRace zur Verf\u00fcgung stehen wird &#8211; ca. 300 km auf der Uhr h\u00e4tten stehen k\u00f6nnen \ud83d\ude01.<\/p>\n\n\n\n<p>Fazit: Super coole Runde &#8211; Strategie f\u00fcr &#8217;s PaceRace steht! \ud83d\ude0e\ud83d\udcab\u270c<\/p>","protected":false},"excerpt":{"rendered":"<p>So ganz unvorbereitet will ich am 5. August dann doch nicht ins PaceRace starten. Somit nutzte ich den vergangenen Sonntag, um mich f\u00fcr eine l\u00e4ngere Tour in den Bayerischen Wald zu verdr\u00fccken &#8230; immer gut, wenn man vern\u00fcnftige Gr\u00fcnde hat, um seinem Hobby zu fr\u00f6nen\ud83d\ude48\ud83d\ude00. Losgefahren bin ich um 7:15 Uhr bei angenehmen 15\u00b0C. Bei [&hellip;]<\/p>\n","protected":false},"author":1,"featured_media":0,"comment_status":"open","ping_status":"open","sticky":false,"template":"","format":"standard","meta":{"footnotes":""},"categories":[9,3,7],"tags":[],"class_list":["post-1916","post","type-post","status-publish","format-standard","hentry","category-elektromotorrad","category-tour","category-zero-sr-f","post-preview"],"_links":{"self":[{"href":"https:\/\/www.elektrisch-auf-tour.de\/en\/wp-json\/wp\/v2\/posts\/1916","targetHints":{"allow":["GET"]}}],"collection":[{"href":"https:\/\/www.elektrisch-auf-tour.de\/en\/wp-json\/wp\/v2\/posts"}],"about":[{"href":"https:\/\/www.elektrisch-auf-tour.de\/en\/wp-json\/wp\/v2\/types\/post"}],"author":[{"embeddable":true,"href":"https:\/\/www.elektrisch-auf-tour.de\/en\/wp-json\/wp\/v2\/users\/1"}],"replies":[{"embeddable":true,"href":"https:\/\/www.elektrisch-auf-tour.de\/en\/wp-json\/wp\/v2\/comments?post=1916"}],"version-history":[{"count":15,"href":"https:\/\/www.elektrisch-auf-tour.de\/en\/wp-json\/wp\/v2\/posts\/1916\/revisions"}],"predecessor-version":[{"id":1946,"href":"https:\/\/www.elektrisch-auf-tour.de\/en\/wp-json\/wp\/v2\/posts\/1916\/revisions\/1946"}],"wp:attachment":[{"href":"https:\/\/www.elektrisch-auf-tour.de\/en\/wp-json\/wp\/v2\/media?parent=1916"}],"wp:term":[{"taxonomy":"category","embeddable":true,"href":"https:\/\/www.elektrisch-auf-tour.de\/en\/wp-json\/wp\/v2\/categories?post=1916"},{"taxonomy":"post_tag","embeddable":true,"href":"https:\/\/www.elektrisch-auf-tour.de\/en\/wp-json\/wp\/v2\/tags?post=1916"}],"curies":[{"name":"wp","href":"https:\/\/api.w.org\/{rel}","templated":true}]}}