{"id":2309,"date":"2024-09-18T18:57:42","date_gmt":"2024-09-18T16:57:42","guid":{"rendered":"https:\/\/www.elektrisch-auf-tour.de\/?p=2309"},"modified":"2024-10-08T21:46:56","modified_gmt":"2024-10-08T19:46:56","slug":"pacerace-2024","status":"publish","type":"post","link":"https:\/\/www.elektrisch-auf-tour.de\/en\/tour\/pacerace-2024\/","title":{"rendered":"PACERACE 2024"},"content":{"rendered":"<p>Saturday, 24th August 2024, 1:51 PM. My smartphone notifies me of a new, exceptionally important email. Three files are attached. A quick glance, and it's immediately clear: the regulations for PACERACE 2024 have arrived.<\/p>\n\n\n\n<p>Can't be that hard to read on a small phone display, right? But something feels different from last year. The document is 4 pages long, and the waypoints are also included as GPX and KML files. Something's definitely up...<\/p>\n\n\n\n<p>Nearly two weeks later, on September 6th, I set off with the DSR\/X, also known as 'I and ES', towards Weyarn at the Irschenberg. The base camp, as well as the start and finish for our PACERACE, is at the Hotel Alter Wirt.<\/p>\n\n\n\n<figure class=\"wp-block-image size-large\"><img fetchpriority=\"high\" decoding=\"async\" width=\"1024\" height=\"576\" src=\"https:\/\/www.elektrisch-auf-tour.de\/wp-content\/uploads\/2024\/09\/20240906_150211-EDIT-1024x576.jpg\" alt=\"\" class=\"wp-image-2311\" srcset=\"https:\/\/www.elektrisch-auf-tour.de\/wp-content\/uploads\/2024\/09\/20240906_150211-EDIT-1024x576.jpg 1024w, https:\/\/www.elektrisch-auf-tour.de\/wp-content\/uploads\/2024\/09\/20240906_150211-EDIT-300x169.jpg 300w, https:\/\/www.elektrisch-auf-tour.de\/wp-content\/uploads\/2024\/09\/20240906_150211-EDIT-768x432.jpg 768w, https:\/\/www.elektrisch-auf-tour.de\/wp-content\/uploads\/2024\/09\/20240906_150211-EDIT-1536x864.jpg 1536w, https:\/\/www.elektrisch-auf-tour.de\/wp-content\/uploads\/2024\/09\/20240906_150211-EDIT-2048x1152.jpg 2048w, https:\/\/www.elektrisch-auf-tour.de\/wp-content\/uploads\/2024\/09\/20240906_150211-EDIT-18x10.jpg 18w, https:\/\/www.elektrisch-auf-tour.de\/wp-content\/uploads\/2024\/09\/20240906_150211-EDIT-676x380.jpg 676w\" sizes=\"(max-width: 1024px) 100vw, 1024px\" \/><figcaption class=\"wp-element-caption\">Journey to PACERACE 2024<\/figcaption><\/figure>\n\n\n\n<p>Until that day, I came up with countless ideas for route choices, discarded them, changed the sequence of waypoints, reversed them, planned a highway section, threw it out, put it back in, planned version 1, version 1A, scrapped version 2, and did all sorts of hocus-pocus. A wild journey before the journey, huh?<\/p>\n\n\n\n<!--more-->\n\n\n\n<p>You can tell: this efficiency comparison ride for electric motorcycles and scooters in Upper Bavaria and Austria won't be easy.<\/p>\n\n\n\n<p>The facts speak for themselves:<\/p>\n\n\n\n<ul class=\"wp-block-list\">\n<li>31 waypoints to choose from<\/li>\n\n\n\n<li>you can earn between 5 and 50 points at each of these<\/li>\n\n\n\n<li>there are 7 photo points<\/li>\n\n\n\n<li>you can also collect 20 points at each of these<\/li>\n\n\n\n<li>...and if I include all these points in the route planning, there's no way I'll be back by 5 PM on time \u2013 starting from then, there's a 5-point deduction for every minute late<\/li>\n\n\n\n<li>Conclusion: ... hm ... tricky<\/li>\n<\/ul>\n\n\n\n<p>Ultimately, I ditched the far-off waypoints and planned two loops to ensure I could attend the quiz on-site. This should help avoid any technical issues like network availability or poor connection.<\/p>\n\n\n\n<p>For the route, like last year, I assumed an average speed of about 60 kilometers per hour. This sets a target of approximately 300 kilometers.<\/p>\n\n\n\n<p>The journey to Weyarn has gone as planned so far. Yet, I kept mulling over the route planning. Have I included enough buffer for the expected heavy traffic? Will the highway section work out? What if the charging station is occupied? I did face this issue last year...<\/p>\n\n\n\n<p>Anyway, for now, we've arrived in Holzkirchen at the charging station that\u2019s familiar from our last trip to the Alps.<\/p>\n\n\n\n<figure class=\"wp-block-image size-large\"><img decoding=\"async\" width=\"1024\" height=\"576\" src=\"https:\/\/www.elektrisch-auf-tour.de\/wp-content\/uploads\/2024\/09\/20240906_152632-1024x576.jpg\" alt=\"\" class=\"wp-image-2313\" srcset=\"https:\/\/www.elektrisch-auf-tour.de\/wp-content\/uploads\/2024\/09\/20240906_152632-1024x576.jpg 1024w, https:\/\/www.elektrisch-auf-tour.de\/wp-content\/uploads\/2024\/09\/20240906_152632-300x169.jpg 300w, https:\/\/www.elektrisch-auf-tour.de\/wp-content\/uploads\/2024\/09\/20240906_152632-768x432.jpg 768w, https:\/\/www.elektrisch-auf-tour.de\/wp-content\/uploads\/2024\/09\/20240906_152632-1536x864.jpg 1536w, https:\/\/www.elektrisch-auf-tour.de\/wp-content\/uploads\/2024\/09\/20240906_152632-2048x1152.jpg 2048w, https:\/\/www.elektrisch-auf-tour.de\/wp-content\/uploads\/2024\/09\/20240906_152632-18x10.jpg 18w, https:\/\/www.elektrisch-auf-tour.de\/wp-content\/uploads\/2024\/09\/20240906_152632-676x380.jpg 676w\" sizes=\"(max-width: 1024px) 100vw, 1024px\" \/><figcaption class=\"wp-element-caption\">Precision landing at the charging station<\/figcaption><\/figure>\n\n\n\n<p>To avoid overloading the available charging capacity at the hotel, the plan is to fully charge here. I\u2019m already familiar with the nearby bakery from last time. <\/p>\n\n\n\n<figure class=\"wp-block-image size-large\"><img decoding=\"async\" width=\"1024\" height=\"576\" src=\"https:\/\/www.elektrisch-auf-tour.de\/wp-content\/uploads\/2024\/09\/20240906_153019-1024x576.jpg\" alt=\"\" class=\"wp-image-2314\" srcset=\"https:\/\/www.elektrisch-auf-tour.de\/wp-content\/uploads\/2024\/09\/20240906_153019-1024x576.jpg 1024w, https:\/\/www.elektrisch-auf-tour.de\/wp-content\/uploads\/2024\/09\/20240906_153019-300x169.jpg 300w, https:\/\/www.elektrisch-auf-tour.de\/wp-content\/uploads\/2024\/09\/20240906_153019-768x432.jpg 768w, https:\/\/www.elektrisch-auf-tour.de\/wp-content\/uploads\/2024\/09\/20240906_153019-1536x864.jpg 1536w, https:\/\/www.elektrisch-auf-tour.de\/wp-content\/uploads\/2024\/09\/20240906_153019-2048x1152.jpg 2048w, https:\/\/www.elektrisch-auf-tour.de\/wp-content\/uploads\/2024\/09\/20240906_153019-18x10.jpg 18w, https:\/\/www.elektrisch-auf-tour.de\/wp-content\/uploads\/2024\/09\/20240906_153019-676x380.jpg 676w\" sizes=\"(max-width: 1024px) 100vw, 1024px\" \/><figcaption class=\"wp-element-caption\">The DSR\/X is getting charged...<\/figcaption><\/figure>\n\n\n\n<p>This time, I opted for a large cappuccino again, but instead of croissants, I went for fresh Zwetschgendatschi\u2014with streusel. Brilliant!<\/p>\n\n\n\n<figure class=\"wp-block-image size-large\"><img loading=\"lazy\" decoding=\"async\" width=\"1024\" height=\"768\" src=\"https:\/\/www.elektrisch-auf-tour.de\/wp-content\/uploads\/2024\/09\/20240906_154017-1024x768.jpg\" alt=\"\" class=\"wp-image-2316\" srcset=\"https:\/\/www.elektrisch-auf-tour.de\/wp-content\/uploads\/2024\/09\/20240906_154017-1024x768.jpg 1024w, https:\/\/www.elektrisch-auf-tour.de\/wp-content\/uploads\/2024\/09\/20240906_154017-300x225.jpg 300w, https:\/\/www.elektrisch-auf-tour.de\/wp-content\/uploads\/2024\/09\/20240906_154017-768x576.jpg 768w, https:\/\/www.elektrisch-auf-tour.de\/wp-content\/uploads\/2024\/09\/20240906_154017-1536x1152.jpg 1536w, https:\/\/www.elektrisch-auf-tour.de\/wp-content\/uploads\/2024\/09\/20240906_154017-2048x1536.jpg 2048w, https:\/\/www.elektrisch-auf-tour.de\/wp-content\/uploads\/2024\/09\/20240906_154017-16x12.jpg 16w, https:\/\/www.elektrisch-auf-tour.de\/wp-content\/uploads\/2024\/09\/20240906_154017-676x507.jpg 676w\" sizes=\"(max-width: 1024px) 100vw, 1024px\" \/><figcaption class=\"wp-element-caption\">...and I enjoyed my cappuccino with Zwetschgendatschi<\/figcaption><\/figure>\n\n\n\n<p>Arriving at the hotel, there's a warm hello to all the familiar participants from last year and a welcome to all the new faces. It's strange \u2013 we only see each other once a year, but there's still a sense of familiarity. Must be our shared, brilliant interest in electric motorcycle riding. In some way, we're quite unique.<\/p>\n\n\n\n<p>We spent the evening together with delightful conversations over good food and drinks in the beer garden.<\/p>\n\n\n\n<figure class=\"wp-block-image size-large\"><img loading=\"lazy\" decoding=\"async\" width=\"1024\" height=\"576\" src=\"https:\/\/www.elektrisch-auf-tour.de\/wp-content\/uploads\/2024\/09\/20240906_201319-1024x576.jpg\" alt=\"\" class=\"wp-image-2315\" srcset=\"https:\/\/www.elektrisch-auf-tour.de\/wp-content\/uploads\/2024\/09\/20240906_201319-1024x576.jpg 1024w, https:\/\/www.elektrisch-auf-tour.de\/wp-content\/uploads\/2024\/09\/20240906_201319-300x169.jpg 300w, https:\/\/www.elektrisch-auf-tour.de\/wp-content\/uploads\/2024\/09\/20240906_201319-768x432.jpg 768w, https:\/\/www.elektrisch-auf-tour.de\/wp-content\/uploads\/2024\/09\/20240906_201319-1536x864.jpg 1536w, https:\/\/www.elektrisch-auf-tour.de\/wp-content\/uploads\/2024\/09\/20240906_201319-2048x1152.jpg 2048w, https:\/\/www.elektrisch-auf-tour.de\/wp-content\/uploads\/2024\/09\/20240906_201319-18x10.jpg 18w, https:\/\/www.elektrisch-auf-tour.de\/wp-content\/uploads\/2024\/09\/20240906_201319-676x380.jpg 676w\" sizes=\"(max-width: 1024px) 100vw, 1024px\" \/><figcaption class=\"wp-element-caption\">Friday evening in the beer garden<\/figcaption><\/figure>\n\n\n\n<p>Saturday morning. Time for breakfast. After all, no food, no fight. I quickly stop by the bakery across the street for provisions for the road. They have delicious nut croissants. I get three packed, just in case the journey takes longer than expected... uh... and because I always have a sweet tooth.<\/p>\n\n\n\n<p>The last dew of the night is slowly disappearing from the motorcycles. We're so lucky with the weather. Bright white and blue sky. At the start, it's almost too warm, but later, with the wind, it will surely turn into a pleasant climate. Perfect!<\/p>\n\n\n\n<figure class=\"wp-block-image size-large\"><img loading=\"lazy\" decoding=\"async\" width=\"1024\" height=\"576\" src=\"https:\/\/www.elektrisch-auf-tour.de\/wp-content\/uploads\/2024\/09\/20240907_081729-1024x576.jpg\" alt=\"\" class=\"wp-image-2317\" srcset=\"https:\/\/www.elektrisch-auf-tour.de\/wp-content\/uploads\/2024\/09\/20240907_081729-1024x576.jpg 1024w, https:\/\/www.elektrisch-auf-tour.de\/wp-content\/uploads\/2024\/09\/20240907_081729-300x169.jpg 300w, https:\/\/www.elektrisch-auf-tour.de\/wp-content\/uploads\/2024\/09\/20240907_081729-768x432.jpg 768w, https:\/\/www.elektrisch-auf-tour.de\/wp-content\/uploads\/2024\/09\/20240907_081729-1536x864.jpg 1536w, https:\/\/www.elektrisch-auf-tour.de\/wp-content\/uploads\/2024\/09\/20240907_081729-2048x1152.jpg 2048w, https:\/\/www.elektrisch-auf-tour.de\/wp-content\/uploads\/2024\/09\/20240907_081729-18x10.jpg 18w, https:\/\/www.elektrisch-auf-tour.de\/wp-content\/uploads\/2024\/09\/20240907_081729-676x380.jpg 676w\" sizes=\"(max-width: 1024px) 100vw, 1024px\" \/><figcaption class=\"wp-element-caption\">The last dewdrops in the glorious sunshine<\/figcaption><\/figure>\n\n\n\n<p>The \"Red Jackets\" are back this year, moderating the event throughout the day via YouTube livestream. Each rider is introduced individually. <\/p>\n\n\n\n<figure class=\"wp-block-image size-large\"><img loading=\"lazy\" decoding=\"async\" width=\"1024\" height=\"576\" src=\"https:\/\/www.elektrisch-auf-tour.de\/wp-content\/uploads\/2024\/09\/20240907_095928-1024x576.jpg\" alt=\"\" class=\"wp-image-2318\" srcset=\"https:\/\/www.elektrisch-auf-tour.de\/wp-content\/uploads\/2024\/09\/20240907_095928-1024x576.jpg 1024w, https:\/\/www.elektrisch-auf-tour.de\/wp-content\/uploads\/2024\/09\/20240907_095928-300x169.jpg 300w, https:\/\/www.elektrisch-auf-tour.de\/wp-content\/uploads\/2024\/09\/20240907_095928-768x432.jpg 768w, https:\/\/www.elektrisch-auf-tour.de\/wp-content\/uploads\/2024\/09\/20240907_095928-1536x864.jpg 1536w, https:\/\/www.elektrisch-auf-tour.de\/wp-content\/uploads\/2024\/09\/20240907_095928-2048x1152.jpg 2048w, https:\/\/www.elektrisch-auf-tour.de\/wp-content\/uploads\/2024\/09\/20240907_095928-18x10.jpg 18w, https:\/\/www.elektrisch-auf-tour.de\/wp-content\/uploads\/2024\/09\/20240907_095928-676x380.jpg 676w\" sizes=\"(max-width: 1024px) 100vw, 1024px\" \/><figcaption class=\"wp-element-caption\">Red Jackets<\/figcaption><\/figure>\n\n\n\n<p>Promptly at 10:00 AM, the first rider heads out on the tour. All others follow at 2-minute intervals. I'm sure we'll run into each other during the day. I'm so excited!<\/p>\n\n\n\n<figure class=\"wp-block-image size-large\"><img loading=\"lazy\" decoding=\"async\" width=\"1024\" height=\"576\" src=\"https:\/\/www.elektrisch-auf-tour.de\/wp-content\/uploads\/2024\/09\/20240907_100005-Copy-1024x576.jpg\" alt=\"\" class=\"wp-image-2319\" srcset=\"https:\/\/www.elektrisch-auf-tour.de\/wp-content\/uploads\/2024\/09\/20240907_100005-Copy-1024x576.jpg 1024w, https:\/\/www.elektrisch-auf-tour.de\/wp-content\/uploads\/2024\/09\/20240907_100005-Copy-300x169.jpg 300w, https:\/\/www.elektrisch-auf-tour.de\/wp-content\/uploads\/2024\/09\/20240907_100005-Copy-768x432.jpg 768w, https:\/\/www.elektrisch-auf-tour.de\/wp-content\/uploads\/2024\/09\/20240907_100005-Copy-1536x864.jpg 1536w, https:\/\/www.elektrisch-auf-tour.de\/wp-content\/uploads\/2024\/09\/20240907_100005-Copy-2048x1152.jpg 2048w, https:\/\/www.elektrisch-auf-tour.de\/wp-content\/uploads\/2024\/09\/20240907_100005-Copy-18x10.jpg 18w, https:\/\/www.elektrisch-auf-tour.de\/wp-content\/uploads\/2024\/09\/20240907_100005-Copy-676x380.jpg 676w\" sizes=\"(max-width: 1024px) 100vw, 1024px\" \/><figcaption class=\"wp-element-caption\">First start promptly at 10:00 AM<\/figcaption><\/figure>\n\n\n\n<p>For me and my DSR\/X, \"I and ES,\" the journey begins at 10:36 AM. The first small loop should take me past 4 waypoints with a total of 30 scoring points. But from Leitzach, it quickly becomes clear that I won't be the only one on the roads today. There's quite a bit of travel traffic out there.<\/p>\n\n\n\n<p>It could be tough to maintain the targeted 60 kilometers per hour. First doubts about the planned two loops arise. They're pretty tight. Plus, there's that little section on the highway, despite organizers repeatedly warning against using highways. \"Too much travel traffic\" \u2013 so true... let's see.<\/p>\n\n\n\n<figure class=\"wp-block-image size-large\"><img loading=\"lazy\" decoding=\"async\" width=\"972\" height=\"1024\" src=\"https:\/\/www.elektrisch-auf-tour.de\/wp-content\/uploads\/2024\/09\/Screenshot-2024-09-18-133717-972x1024.png\" alt=\"\" class=\"wp-image-2320\" srcset=\"https:\/\/www.elektrisch-auf-tour.de\/wp-content\/uploads\/2024\/09\/Screenshot-2024-09-18-133717-972x1024.png 972w, https:\/\/www.elektrisch-auf-tour.de\/wp-content\/uploads\/2024\/09\/Screenshot-2024-09-18-133717-285x300.png 285w, https:\/\/www.elektrisch-auf-tour.de\/wp-content\/uploads\/2024\/09\/Screenshot-2024-09-18-133717-768x809.png 768w, https:\/\/www.elektrisch-auf-tour.de\/wp-content\/uploads\/2024\/09\/Screenshot-2024-09-18-133717-11x12.png 11w, https:\/\/www.elektrisch-auf-tour.de\/wp-content\/uploads\/2024\/09\/Screenshot-2024-09-18-133717-676x712.png 676w, https:\/\/www.elektrisch-auf-tour.de\/wp-content\/uploads\/2024\/09\/Screenshot-2024-09-18-133717.png 1020w\" sizes=\"(max-width: 972px) 100vw, 972px\" \/><figcaption class=\"wp-element-caption\">First round with 56 kilometers<\/figcaption><\/figure>\n\n\n\n<p>Beim Quiz beim Alten Wirt in Weyarn komme ich nach den ersten 56 Kilometern an.<\/p>\n\n\n\n<p>Fakten bis hier her:<\/p>\n\n\n\n<ul class=\"wp-block-list\">\n<li>gefahrene Kilometer: 56 km<\/li>\n\n\n\n<li>verbrauchte Zeit: 54 Minuten<\/li>\n\n\n\n<li>Durchschnittsgeschwindigkeit: 62 km\/h \ud83d\ude0e\ud83d\udcab<\/li>\n\n\n\n<li>SOC: von 110% runter auf 87%<\/li>\n\n\n\n<li>Durchschnittskilometer pro 10% Stromverbrauch: 24 km<\/li>\n<\/ul>\n\n\n\n<p>Die ganzen Zahlen sind vielversprechend. Mal schauen, wie es weiter geht. Beim Quiz muss ich erst mal etwas warten, denn da hat sich doch tats\u00e4chlich ein &#8222;Remote-Quizer&#8220; ganz knapp vor meiner Ankunft per Videocall eingew\u00e4hlt. Das waren Sekunden, die da gefehlt haben. Die Wartezeit kann ich gut nutzen, um die Verkehrssituation auf dem St\u00fcck Autobahn nach Aschau im Chiemgau zu \u00fcberpr\u00fcfen. Google Maps ist hier mein Freund:<\/p>\n\n\n\n<figure class=\"wp-block-image size-large\"><img loading=\"lazy\" decoding=\"async\" width=\"1024\" height=\"539\" src=\"https:\/\/www.elektrisch-auf-tour.de\/wp-content\/uploads\/2024\/09\/Screenshot-2024-09-18-140418-1024x539.png\" alt=\"\" class=\"wp-image-2321\" srcset=\"https:\/\/www.elektrisch-auf-tour.de\/wp-content\/uploads\/2024\/09\/Screenshot-2024-09-18-140418-1024x539.png 1024w, https:\/\/www.elektrisch-auf-tour.de\/wp-content\/uploads\/2024\/09\/Screenshot-2024-09-18-140418-300x158.png 300w, https:\/\/www.elektrisch-auf-tour.de\/wp-content\/uploads\/2024\/09\/Screenshot-2024-09-18-140418-768x404.png 768w, https:\/\/www.elektrisch-auf-tour.de\/wp-content\/uploads\/2024\/09\/Screenshot-2024-09-18-140418-18x9.png 18w, https:\/\/www.elektrisch-auf-tour.de\/wp-content\/uploads\/2024\/09\/Screenshot-2024-09-18-140418-676x356.png 676w, https:\/\/www.elektrisch-auf-tour.de\/wp-content\/uploads\/2024\/09\/Screenshot-2024-09-18-140418.png 1328w\" sizes=\"(max-width: 1024px) 100vw, 1024px\" \/><figcaption class=\"wp-element-caption\">Verkehrslage auf der A8<\/figcaption><\/figure>\n\n\n\n<p>Das sieht doch gar nicht so schlecht aus. Schon klar, dass bei dieser Variante ein gewisses Risiko dabei ist. Schlie\u00dflich k\u00f6nnten aus den gelben Teilbereichen schnell mal rote werden, wo dann nicht mehr viel geht. Wenn das aber tats\u00e4chlich so ist, wie Google das vorhersagt, dann muss auf diesem Teilbereich eine h\u00f6here Durchschnittsgeschwindigkeit raus kommen, als die 60 km\/h, mit denen ich geplant habe. Und den Irschenberg runter geht &#8217;s dann ja auch noch ein ewiges St\u00fcck bergab.<\/p>\n\n\n\n<p>Aber jetzt erst Mal zum Quiz. Von den 3 gestellten Fragen kann ich 2 richtig beantworten. Somit kommen 20 Extrapunkte aufs Konto. Somit liegt der Gesamtpunktestand jetzt bei 106 Punkten.<\/p>\n\n\n\n<p>Jetzt also bei Weyarn auf die A8. Ja, es wird langsam z\u00e4hfl\u00fcssig. So richtig gem\u00fctlich f\u00fchlt sich das in der Bauchgegend gerade nicht an. Kurz vor dem Irschenberg wird es dann kurz mal richtig z\u00e4h. Ab der Rastst\u00e4tte l\u00f6st sich das dann aber auf und ich rolle mit richtig guter Geschwindigkeit den Berg hinunter.<\/p>\n\n\n\n<p>Fakten zum Teilst\u00fcck bis zur Autobahnausfahrt Frasdorf:<\/p>\n\n\n\n<ul class=\"wp-block-list\">\n<li>Kilometer seit Weyarn: 42 km<\/li>\n\n\n\n<li>Zeit seit Weyarn: 33 Minuten<\/li>\n\n\n\n<li>Durchschnittsgeschwindigkeit auf dem St\u00fcck seit Weyarn: 76 km\/h<\/li>\n\n\n\n<li>gefahrene Kilometer gesamt: 98 km<\/li>\n\n\n\n<li>verbrauchte Zeit gesamt: 1:32 Stunden<\/li>\n\n\n\n<li>Durchschnittsgeschwindigkeit gesamt: 64 km\/h \ud83d\ude0e\ud83d\udcab<\/li>\n\n\n\n<li>SOC: 71%<\/li>\n\n\n\n<li>Durchschnittskilometer pro 10% Stromverbrauch gesamt: 25 km<\/li>\n<\/ul>\n\n\n\n<p>Man, f\u00e4llt mir ein Stein vom Herzen. Die Geschichte mit der Autobahn hat an mir ganz sch\u00f6n genagt. Jetzt kann es weiter gehen bis nach Kufstein. Dort habe ich mir vorab schon mal zwei oder drei m\u00f6gliche Lades\u00e4ulen aus einer Lade-App herausgesucht.<\/p>\n\n\n\n<p>Aber zuvor erst Mal weiter \u00fcber Aschau bis kurz nach Sachrang, wo es bei Wildbichl dann rechts in Richtung eines &#8222;Almgebiets&#8220; hinauf geht.<\/p>\n\n\n\n<figure class=\"wp-block-image size-large\"><img loading=\"lazy\" decoding=\"async\" width=\"1024\" height=\"697\" src=\"https:\/\/www.elektrisch-auf-tour.de\/wp-content\/uploads\/2024\/09\/Screenshot-2024-09-18-142441-1024x697.png\" alt=\"\" class=\"wp-image-2323\" srcset=\"https:\/\/www.elektrisch-auf-tour.de\/wp-content\/uploads\/2024\/09\/Screenshot-2024-09-18-142441-1024x697.png 1024w, https:\/\/www.elektrisch-auf-tour.de\/wp-content\/uploads\/2024\/09\/Screenshot-2024-09-18-142441-300x204.png 300w, https:\/\/www.elektrisch-auf-tour.de\/wp-content\/uploads\/2024\/09\/Screenshot-2024-09-18-142441-768x523.png 768w, https:\/\/www.elektrisch-auf-tour.de\/wp-content\/uploads\/2024\/09\/Screenshot-2024-09-18-142441-18x12.png 18w, https:\/\/www.elektrisch-auf-tour.de\/wp-content\/uploads\/2024\/09\/Screenshot-2024-09-18-142441-676x460.png 676w, https:\/\/www.elektrisch-auf-tour.de\/wp-content\/uploads\/2024\/09\/Screenshot-2024-09-18-142441.png 1459w\" sizes=\"(max-width: 1024px) 100vw, 1024px\" \/><figcaption class=\"wp-element-caption\">Alter Wirt bis Kufstein<\/figcaption><\/figure>\n\n\n\n<p>Das St\u00fcck bis Wildbichl l\u00e4uft auch noch richtig gut:<\/p>\n\n\n\n<ul class=\"wp-block-list\">\n<li>Kilometer seit der Autobahnausfahrt: 17 km<\/li>\n\n\n\n<li>Zeit seit der Autobahnausfahrt: 16 Minuten<\/li>\n\n\n\n<li>Durchschnittsgeschwindigkeit auf dem St\u00fcck seit der Ausfahrt: 64 km\/h<\/li>\n\n\n\n<li>gefahrene Kilometer gesamt: 115 km<\/li>\n\n\n\n<li>verbrauchte Zeit gesamt: 1:48 Stunden<\/li>\n\n\n\n<li>Durchschnittsgeschwindigkeit gesamt: 64 km\/h \ud83d\ude0e\ud83d\udcab<\/li>\n\n\n\n<li>SOC: 60%<\/li>\n\n\n\n<li>Durchschnittskilometer pro 10% Stromverbrauch gesamt: 23 km<\/li>\n<\/ul>\n\n\n\n<p>Die Zahlen werden sich durch das n\u00e4chste Teilst\u00fcck bestimmt \u00e4ndern. Das Teilst\u00fcck rauf zum Praschberg und weiter nach Sebi und zum Wegpunkt &#8222;Am zahmen Kaiser&#8220; ist von faszinierenden Aussichten gepr\u00e4gt. Parallel sind die Stra\u00dfen aber auch schmaler geworden. Viele enge Kurven stellen sich mir in den Weg. Das macht sowas von Spa\u00df, kostet aber bestimmt auch Zeit.<\/p>\n\n\n\n<p>F\u00fcr das St\u00fcck von Wildbichl nach Ebbs, wo es wieder auf eine Hauptstra\u00dfe geht, sehen die Zahlen so aus:<\/p>\n\n\n\n<ul class=\"wp-block-list\">\n<li>Kilometer seit Wildbichl: 15 km<\/li>\n\n\n\n<li>Zeit seit Wildbichl: 20 Minuten<\/li>\n\n\n\n<li>Durchschnittsgeschwindigkeit auf dem St\u00fcck seit Wildbichl: 45 km\/h<\/li>\n\n\n\n<li>gefahrene Kilometer gesamt: 130 km<\/li>\n\n\n\n<li>verbrauchte Zeit gesamt: 2:08 Stunden<\/li>\n\n\n\n<li>Durchschnittsgeschwindigkeit gesamt: 61 km\/h \ud83d\ude28<\/li>\n\n\n\n<li>SOC: 51%<\/li>\n\n\n\n<li>Durchschnittskilometer pro 10% Stromverbrauch gesamt: 22 km<\/li>\n<\/ul>\n\n\n\n<p>Die gesamte Durchschnittsgeschwindigkeit ist durch dieses Teilst\u00fcck zwar nach unten gegangen, daf\u00fcr kommen seit der Autobahnausfahrt 35 Punkte, durch abgefahrene Wegpunkte, aufs Punktekonto mit drauf.<\/p>\n\n\n\n<p>Ich fahre weiter zum Fotopunkt &#8222;Oberer Wasserfall Tatzelwurm&#8220;. Was die fahrbare Geschwindigkeit angeht, komme ich zwar wieder etwas schneller voran, auf die angepeilten durchschnittlichen 60 km\/h fehlt aber ein St\u00fcck:<\/p>\n\n\n\n<ul class=\"wp-block-list\">\n<li>Kilometer seit Ebbs: 17 km<\/li>\n\n\n\n<li>Zeit seit Ebbs: 20 Minuten<\/li>\n\n\n\n<li>Durchschnittsgeschwindigkeit auf dem St\u00fcck seit Ebbs: 51 km\/h \ud83d\ude28<\/li>\n\n\n\n<li>gefahrene Kilometer gesamt: 147 km<\/li>\n\n\n\n<li>verbrauchte Zeit gesamt: 2:28 Stunden<\/li>\n\n\n\n<li>Durchschnittsgeschwindigkeit gesamt: 60 km\/h \ud83d\ude28<\/li>\n\n\n\n<li>SOC: 42%<\/li>\n\n\n\n<li>Durchschnittskilometer pro 10% Stromverbrauch gesamt: 22 km<\/li>\n<\/ul>\n\n\n\n<p>Zum Wasserfall laufe ich im &#8222;Schweinsgalopp&#8220; recht z\u00fcgig runter, um dort das begehrte Foto zu erhaschen. Komplett habe ich dort nur 5 Minuten Aufenthalt. Die belohnen aber durch 20 Zusatzpunkte f\u00fcr das wirklich super tolle, wunderbare, sowas von herrliche Foto:<\/p>\n\n\n\n<figure class=\"wp-block-image size-large\"><img loading=\"lazy\" decoding=\"async\" width=\"1024\" height=\"576\" src=\"https:\/\/www.elektrisch-auf-tour.de\/wp-content\/uploads\/2024\/09\/20240907_130810-EDIT-1024x576.jpg\" alt=\"\" class=\"wp-image-2324\" srcset=\"https:\/\/www.elektrisch-auf-tour.de\/wp-content\/uploads\/2024\/09\/20240907_130810-EDIT-1024x576.jpg 1024w, https:\/\/www.elektrisch-auf-tour.de\/wp-content\/uploads\/2024\/09\/20240907_130810-EDIT-300x169.jpg 300w, https:\/\/www.elektrisch-auf-tour.de\/wp-content\/uploads\/2024\/09\/20240907_130810-EDIT-768x432.jpg 768w, https:\/\/www.elektrisch-auf-tour.de\/wp-content\/uploads\/2024\/09\/20240907_130810-EDIT-1536x864.jpg 1536w, https:\/\/www.elektrisch-auf-tour.de\/wp-content\/uploads\/2024\/09\/20240907_130810-EDIT-2048x1152.jpg 2048w, https:\/\/www.elektrisch-auf-tour.de\/wp-content\/uploads\/2024\/09\/20240907_130810-EDIT-18x10.jpg 18w, https:\/\/www.elektrisch-auf-tour.de\/wp-content\/uploads\/2024\/09\/20240907_130810-EDIT-676x380.jpg 676w\" sizes=\"(max-width: 1024px) 100vw, 1024px\" \/><figcaption class=\"wp-element-caption\">I mit Tatzelwurm<\/figcaption><\/figure>\n\n\n\n<p>Weiter geht es zum Sudelfeld und von dort aus \u00fcber Thiersee runter ins Inntal nach Kufstein. Hier habe ich mir in der Planung eine erste m\u00f6gliche &#8222;Abk\u00fcrzung&#8220; \u00fcberlegt. Sollte bis nach Kufstein schon etwas schief gegangen sein &#8211; sprich die Durchschnittsgeschwindigkeit nicht passen &#8211; dann w\u00e4re jetzt die M\u00f6glichkeit, den Wegpunkt Innbr\u00fccke auszulassen und direkt in Richtung Achensee weiterzufahren.<\/p>\n\n\n\n<p>Nachdem aber alles noch im gr\u00fcnen Bereich ist und der Verkehr in Kufstein nicht wirklich auf Stauungen hindeutet, fahre ich zum Bahnhof und von dort aus \u00fcber die Br\u00fccke ins Stadtzentrum von Kufstein und dort dann direkt an die Lades\u00e4ulen n\u00f6rdlich der Kufstein Galerien in n\u00e4chster N\u00e4he zum Inn.<\/p>\n\n\n\n<p>Top! L\u00e4uft wie am Schn\u00fcrchen.<\/p>\n\n\n\n<figure class=\"wp-block-image size-large\"><img loading=\"lazy\" decoding=\"async\" width=\"1024\" height=\"576\" src=\"https:\/\/www.elektrisch-auf-tour.de\/wp-content\/uploads\/2024\/09\/20240907_135020-EDIT-1024x576.jpg\" alt=\"\" class=\"wp-image-2325\" srcset=\"https:\/\/www.elektrisch-auf-tour.de\/wp-content\/uploads\/2024\/09\/20240907_135020-EDIT-1024x576.jpg 1024w, https:\/\/www.elektrisch-auf-tour.de\/wp-content\/uploads\/2024\/09\/20240907_135020-EDIT-300x169.jpg 300w, https:\/\/www.elektrisch-auf-tour.de\/wp-content\/uploads\/2024\/09\/20240907_135020-EDIT-768x432.jpg 768w, https:\/\/www.elektrisch-auf-tour.de\/wp-content\/uploads\/2024\/09\/20240907_135020-EDIT-1536x864.jpg 1536w, https:\/\/www.elektrisch-auf-tour.de\/wp-content\/uploads\/2024\/09\/20240907_135020-EDIT-2048x1152.jpg 2048w, https:\/\/www.elektrisch-auf-tour.de\/wp-content\/uploads\/2024\/09\/20240907_135020-EDIT-18x10.jpg 18w, https:\/\/www.elektrisch-auf-tour.de\/wp-content\/uploads\/2024\/09\/20240907_135020-EDIT-676x380.jpg 676w\" sizes=\"(max-width: 1024px) 100vw, 1024px\" \/><figcaption class=\"wp-element-caption\">ES beim Laden in Kufstein<\/figcaption><\/figure>\n\n\n\n<p>Das Freischalten der Lades\u00e4ule funktioniert problemlos. In 45 Minuten lasse ich 7,4 kWh mit einer durchschnittlichen Ladeleistung von 9,73 kW in die DSR\/X laufen.<\/p>\n\n\n\n<figure class=\"wp-block-image size-large\"><img loading=\"lazy\" decoding=\"async\" width=\"1024\" height=\"576\" src=\"https:\/\/www.elektrisch-auf-tour.de\/wp-content\/uploads\/2024\/09\/20240907_141415-1024x576.jpg\" alt=\"\" class=\"wp-image-2326\" srcset=\"https:\/\/www.elektrisch-auf-tour.de\/wp-content\/uploads\/2024\/09\/20240907_141415-1024x576.jpg 1024w, https:\/\/www.elektrisch-auf-tour.de\/wp-content\/uploads\/2024\/09\/20240907_141415-300x169.jpg 300w, https:\/\/www.elektrisch-auf-tour.de\/wp-content\/uploads\/2024\/09\/20240907_141415-768x432.jpg 768w, https:\/\/www.elektrisch-auf-tour.de\/wp-content\/uploads\/2024\/09\/20240907_141415-1536x864.jpg 1536w, https:\/\/www.elektrisch-auf-tour.de\/wp-content\/uploads\/2024\/09\/20240907_141415-2048x1152.jpg 2048w, https:\/\/www.elektrisch-auf-tour.de\/wp-content\/uploads\/2024\/09\/20240907_141415-18x10.jpg 18w, https:\/\/www.elektrisch-auf-tour.de\/wp-content\/uploads\/2024\/09\/20240907_141415-676x380.jpg 676w\" sizes=\"(max-width: 1024px) 100vw, 1024px\" \/><figcaption class=\"wp-element-caption\">Ausblick auf den Inn in Kufstein<\/figcaption><\/figure>\n\n\n\n<p>Die aktuellen technischen Daten schauen wie folgt aus:<\/p>\n\n\n\n<ul class=\"wp-block-list\">\n<li>Kilometer seit dem Tatzelwurm: 38 km<\/li>\n\n\n\n<li>Zeit seit dem Tatzelwurm: 37 Minuten<\/li>\n\n\n\n<li>Durchschnittsgeschwindigkeit auf dem St\u00fcck seit Tatzelwurm: 62 km\/h \ud83d\ude0e<\/li>\n\n\n\n<li>gefahrene Kilometer gesamt: 185 km<\/li>\n\n\n\n<li>verbrauchte Zeit gesamt: 3:10 Stunden<\/li>\n\n\n\n<li>Durchschnittsgeschwindigkeit gesamt: 58 km\/h \ud83d\ude28<\/li>\n\n\n\n<li>SOC bei Ankunft an der Lades\u00e4ule: 24%<\/li>\n\n\n\n<li>SOC bei Abfahrt: 80%<\/li>\n\n\n\n<li>Komplett Aufenthaltsdauer an der Lades\u00e4ule: 47 Minuten<\/li>\n\n\n\n<li>Durchschnittskilometer pro 10% Stromverbrauch gesamt: 22 km<\/li>\n<\/ul>\n\n\n\n<p>Um 14:33 Uhr fahre ich in Kufstein los, um die idealerweise noch zu fahrenden restlichen 132 Kilometer \u00fcber Achensee und Sylvensteinspeicher bis 17:00 Uhr noch zu bew\u00e4ltigen. Sollte machbar sein.<\/p>\n\n\n\n<figure class=\"wp-block-image size-large\"><img loading=\"lazy\" decoding=\"async\" width=\"1024\" height=\"487\" src=\"https:\/\/www.elektrisch-auf-tour.de\/wp-content\/uploads\/2024\/09\/Screenshot-2024-09-18-150310-1024x487.png\" alt=\"\" class=\"wp-image-2329\" srcset=\"https:\/\/www.elektrisch-auf-tour.de\/wp-content\/uploads\/2024\/09\/Screenshot-2024-09-18-150310-1024x487.png 1024w, https:\/\/www.elektrisch-auf-tour.de\/wp-content\/uploads\/2024\/09\/Screenshot-2024-09-18-150310-300x143.png 300w, https:\/\/www.elektrisch-auf-tour.de\/wp-content\/uploads\/2024\/09\/Screenshot-2024-09-18-150310-768x365.png 768w, https:\/\/www.elektrisch-auf-tour.de\/wp-content\/uploads\/2024\/09\/Screenshot-2024-09-18-150310-18x9.png 18w, https:\/\/www.elektrisch-auf-tour.de\/wp-content\/uploads\/2024\/09\/Screenshot-2024-09-18-150310-676x321.png 676w, https:\/\/www.elektrisch-auf-tour.de\/wp-content\/uploads\/2024\/09\/Screenshot-2024-09-18-150310.png 1479w\" sizes=\"(max-width: 1024px) 100vw, 1024px\" \/><figcaption class=\"wp-element-caption\">Teilst\u00fcck von Kufstein bis zum Sylvensteinstausee<\/figcaption><\/figure>\n\n\n\n<p>Auf der Fahrt in Richtung Sylvensteinstausee nehme ich noch die Wegpunkte Schloss Mariastein, Parkplatz Reintalersee Ost und Achensee mit. Das gibt nochmal 20 Punkte aufs Konto.<\/p>\n\n\n\n<p>Beim Achensee verabschiedet sich dann auf einmal das &#8222;Android Auto Display&#8220; an der DSR\/X, \u00fcber das super hell und detailliert die Route via Navigations-App dargestellt wird. F\u00fcr ein kurzes St\u00fcck nehme ich die Anzeige am Smartphone, die wirkt aber, im Vergleich zum gro\u00dfen Display, wie &#8218;Altbacken&#8216;. Die Wahrheit ist aber wahrscheinlich, dass das \u00c4lterwerden auch vor meinen Augen nicht Halt macht. Also mal kurz rechts ranfahren, Strom aus, Strom ein &#8230; und wie wunderbar &#8230; alles l\u00e4uft wieder wie gew\u00fcnscht. Erinnert mich irgendwie an einen \u00e4hnlichen Stopp beim PACERACE 2023, da war der Grund aber biologischer Natur \ud83d\ude48. Wen es interessiert: Einfach den Blog-Artikel vom letzten Jahr durchschm\u00f6kern. <\/p>\n\n\n\n<p>Um zum Sylvensteinspeicher zu kommen, muss ich kurz nach dem Grenzst\u00fcberl links abbiegen. Das St\u00fcck dorthin wird f\u00fcr mich ein &#8222;Hin und zur\u00fcck&#8220; sein und somit habe ich das dann auch in der Planung zum PACERACE als m\u00f6gliche Einsparm\u00f6glichkeit vorgesehen. Sollte die Zeit nicht mehr reichen, dann wird das einfach ausgelassen.<\/p>\n\n\n\n<p>Somit hier, kurz nach dem Grenzst\u00fcberl, nochmal ein Datencheck:<\/p>\n\n\n\n<ul class=\"wp-block-list\">\n<li>Kilometer seit Kufstein: 72 km<\/li>\n\n\n\n<li>Zeit seit Kufstein: 72 Minuten<\/li>\n\n\n\n<li>Durchschnittsgeschwindigkeit auf dem St\u00fcck seit Kufstein: 60 km\/h \ud83d\ude0e<\/li>\n\n\n\n<li>gefahrene Kilometer gesamt: 257 km<\/li>\n\n\n\n<li>verbrauchte Zeit gesamt (ohne Laden): 4:22 Stunden<\/li>\n\n\n\n<li>Durchschnittsgeschwindigkeit gesamt: 59 km\/h \ud83d\ude0e<\/li>\n\n\n\n<li>SOC: 48%<\/li>\n\n\n\n<li>Durchschnittskilometer pro 10% Stromverbrauch gesamt: 22 km<\/li>\n\n\n\n<li>Verbleibende Kilometer inkl. Sylvensteinspeicher: 60 km<\/li>\n\n\n\n<li>Aktuelle Uhrzeit: 15:45 Uhr<\/li>\n<\/ul>\n\n\n\n<p>Das sieht gut aus. Die 60 km\/h Durchschnittsgeschwindigkeit werden sich zwar auf dem Rest der Strecke nicht mehr halten lassen, Foto am Malerwinkel und Fahrt entlang des Tegernsee stehen noch an, aber das Navi prognostiziert aktuell eine Ankunftszeit in Weyarn von 16:58 Uhr. Wird schon gut gehen &#8230;\ud83d\ude48<\/p>\n\n\n\n<figure class=\"wp-block-image size-full\"><img loading=\"lazy\" decoding=\"async\" width=\"740\" height=\"989\" src=\"https:\/\/www.elektrisch-auf-tour.de\/wp-content\/uploads\/2024\/09\/Screenshot-2024-09-18-152924.png\" alt=\"\" class=\"wp-image-2332\" srcset=\"https:\/\/www.elektrisch-auf-tour.de\/wp-content\/uploads\/2024\/09\/Screenshot-2024-09-18-152924.png 740w, https:\/\/www.elektrisch-auf-tour.de\/wp-content\/uploads\/2024\/09\/Screenshot-2024-09-18-152924-224x300.png 224w, https:\/\/www.elektrisch-auf-tour.de\/wp-content\/uploads\/2024\/09\/Screenshot-2024-09-18-152924-9x12.png 9w, https:\/\/www.elektrisch-auf-tour.de\/wp-content\/uploads\/2024\/09\/Screenshot-2024-09-18-152924-676x903.png 676w\" sizes=\"(max-width: 740px) 100vw, 740px\" \/><figcaption class=\"wp-element-caption\">Letztes Teilst\u00fcck auf dem Weg ins Ziel<\/figcaption><\/figure>\n\n\n\n<p>Na und was soll ich sagen &#8230; hier ist das wunderbare und sowas von herrliche Foto vom Sylvensteinspeicher:<\/p>\n\n\n\n<figure class=\"wp-block-image size-large\"><img loading=\"lazy\" decoding=\"async\" width=\"1024\" height=\"576\" src=\"https:\/\/www.elektrisch-auf-tour.de\/wp-content\/uploads\/2024\/09\/20240907_155401-EDIT-1024x576.jpg\" alt=\"\" class=\"wp-image-2330\" srcset=\"https:\/\/www.elektrisch-auf-tour.de\/wp-content\/uploads\/2024\/09\/20240907_155401-EDIT-1024x576.jpg 1024w, https:\/\/www.elektrisch-auf-tour.de\/wp-content\/uploads\/2024\/09\/20240907_155401-EDIT-300x169.jpg 300w, https:\/\/www.elektrisch-auf-tour.de\/wp-content\/uploads\/2024\/09\/20240907_155401-EDIT-768x432.jpg 768w, https:\/\/www.elektrisch-auf-tour.de\/wp-content\/uploads\/2024\/09\/20240907_155401-EDIT-1536x864.jpg 1536w, https:\/\/www.elektrisch-auf-tour.de\/wp-content\/uploads\/2024\/09\/20240907_155401-EDIT-2048x1152.jpg 2048w, https:\/\/www.elektrisch-auf-tour.de\/wp-content\/uploads\/2024\/09\/20240907_155401-EDIT-18x10.jpg 18w, https:\/\/www.elektrisch-auf-tour.de\/wp-content\/uploads\/2024\/09\/20240907_155401-EDIT-676x380.jpg 676w\" sizes=\"(max-width: 1024px) 100vw, 1024px\" \/><figcaption class=\"wp-element-caption\">I und Sylvensteinstausee<\/figcaption><\/figure>\n\n\n\n<p>Das Foto in Rottach vom Malerwinkel wird auf den letzten Kilometern in Richtung Ziel auch noch gemacht:<\/p>\n\n\n\n<figure class=\"wp-block-image size-large\"><img loading=\"lazy\" decoding=\"async\" width=\"1024\" height=\"576\" src=\"https:\/\/www.elektrisch-auf-tour.de\/wp-content\/uploads\/2024\/09\/20240907_161932-EDIT-1024x576.jpg\" alt=\"\" class=\"wp-image-2331\" srcset=\"https:\/\/www.elektrisch-auf-tour.de\/wp-content\/uploads\/2024\/09\/20240907_161932-EDIT-1024x576.jpg 1024w, https:\/\/www.elektrisch-auf-tour.de\/wp-content\/uploads\/2024\/09\/20240907_161932-EDIT-300x169.jpg 300w, https:\/\/www.elektrisch-auf-tour.de\/wp-content\/uploads\/2024\/09\/20240907_161932-EDIT-768x432.jpg 768w, https:\/\/www.elektrisch-auf-tour.de\/wp-content\/uploads\/2024\/09\/20240907_161932-EDIT-1536x864.jpg 1536w, https:\/\/www.elektrisch-auf-tour.de\/wp-content\/uploads\/2024\/09\/20240907_161932-EDIT-2048x1152.jpg 2048w, https:\/\/www.elektrisch-auf-tour.de\/wp-content\/uploads\/2024\/09\/20240907_161932-EDIT-18x10.jpg 18w, https:\/\/www.elektrisch-auf-tour.de\/wp-content\/uploads\/2024\/09\/20240907_161932-EDIT-676x380.jpg 676w\" sizes=\"(max-width: 1024px) 100vw, 1024px\" \/><figcaption class=\"wp-element-caption\">I und Malerwinkel<\/figcaption><\/figure>\n\n\n\n<p>Letztendlich bin ich um 16:57 Uhr mit folgenden Daten ins Ziel gekommen:<\/p>\n\n\n\n<ul class=\"wp-block-list\">\n<li>gefahrene Kilometer gesamt: 317 km<\/li>\n\n\n\n<li>Gefahrene Zeit gesamt (ohne Laden): 5:34 Stunden<\/li>\n\n\n\n<li>Zeit an der Lades\u00e4ule: 47 Minuten<\/li>\n\n\n\n<li>Durchschnittsgeschwindigkeit gesamt: 57 km\/h \ud83d\ude0e(das letzte St\u00fcck vorbei am Tegernsee mit Foto am Malerwinkel hat den Schnitt nochmal nach unten gezogen)<\/li>\n\n\n\n<li>SOC: 14%<\/li>\n\n\n\n<li>Durchschnittskilometer pro 10% Stromverbrauch gesamt: 21 km<\/li>\n<\/ul>\n\n\n\n<p>Man, was freue ich mich im Ziel \u00fcber diese gelungene Fahrt. Zum einen hat das mit der Umsetzung der geplanten Route perfekt funktioniert, zum anderen &#8211; und das ist viel wichtiger &#8211; ist keinem was passiert. Und dann noch dieses perfekte Wetter f\u00fcr so ein perfekt organisiertes Event!<\/p>\n\n\n\n<figure class=\"wp-block-image size-large\"><img loading=\"lazy\" decoding=\"async\" width=\"1024\" height=\"576\" src=\"https:\/\/www.elektrisch-auf-tour.de\/wp-content\/uploads\/2024\/09\/20240907_170512-EDIT-1024x576.jpg\" alt=\"\" class=\"wp-image-2333\" srcset=\"https:\/\/www.elektrisch-auf-tour.de\/wp-content\/uploads\/2024\/09\/20240907_170512-EDIT-1024x576.jpg 1024w, https:\/\/www.elektrisch-auf-tour.de\/wp-content\/uploads\/2024\/09\/20240907_170512-EDIT-300x169.jpg 300w, https:\/\/www.elektrisch-auf-tour.de\/wp-content\/uploads\/2024\/09\/20240907_170512-EDIT-768x432.jpg 768w, https:\/\/www.elektrisch-auf-tour.de\/wp-content\/uploads\/2024\/09\/20240907_170512-EDIT-1536x864.jpg 1536w, https:\/\/www.elektrisch-auf-tour.de\/wp-content\/uploads\/2024\/09\/20240907_170512-EDIT-2048x1152.jpg 2048w, https:\/\/www.elektrisch-auf-tour.de\/wp-content\/uploads\/2024\/09\/20240907_170512-EDIT-18x10.jpg 18w, https:\/\/www.elektrisch-auf-tour.de\/wp-content\/uploads\/2024\/09\/20240907_170512-EDIT-676x380.jpg 676w\" sizes=\"(max-width: 1024px) 100vw, 1024px\" \/><figcaption class=\"wp-element-caption\">Im Ziel<\/figcaption><\/figure>\n\n\n\n<p>Vielen herzlichen Dank an die Organisatoren! Ihr habt das sowas von TOP vorbereitet und durchgef\u00fchrt!!! Das Ganze hat m\u00e4chtig Spa\u00df gemacht. \ud83d\udcab\u270c<\/p>\n\n\n\n<p>Jetzt geht es f\u00fcr &#8222;ES&#8220; erst mal noch an die Tr\u00e4nke zum Elektronenschubsen. Das hat sie sich verdient!<\/p>\n\n\n\n<figure class=\"wp-block-image size-large\"><img loading=\"lazy\" decoding=\"async\" width=\"1024\" height=\"576\" src=\"https:\/\/www.elektrisch-auf-tour.de\/wp-content\/uploads\/2024\/09\/20240907_173249-1024x576.jpg\" alt=\"\" class=\"wp-image-2334\" srcset=\"https:\/\/www.elektrisch-auf-tour.de\/wp-content\/uploads\/2024\/09\/20240907_173249-1024x576.jpg 1024w, https:\/\/www.elektrisch-auf-tour.de\/wp-content\/uploads\/2024\/09\/20240907_173249-300x169.jpg 300w, https:\/\/www.elektrisch-auf-tour.de\/wp-content\/uploads\/2024\/09\/20240907_173249-768x432.jpg 768w, https:\/\/www.elektrisch-auf-tour.de\/wp-content\/uploads\/2024\/09\/20240907_173249-1536x864.jpg 1536w, https:\/\/www.elektrisch-auf-tour.de\/wp-content\/uploads\/2024\/09\/20240907_173249-2048x1152.jpg 2048w, https:\/\/www.elektrisch-auf-tour.de\/wp-content\/uploads\/2024\/09\/20240907_173249-18x10.jpg 18w, https:\/\/www.elektrisch-auf-tour.de\/wp-content\/uploads\/2024\/09\/20240907_173249-676x380.jpg 676w\" sizes=\"(max-width: 1024px) 100vw, 1024px\" \/><figcaption class=\"wp-element-caption\">Laden beim Kletterzentrum in Weyarn<\/figcaption><\/figure>\n\n\n\n<p>21:00 Uhr &#8230; die Siegerehrung steht an. Irgendwie ist mir schon klar, dass alles perfekt funktioniert hat &#8230; aber wirklich irgendetwas an Platzierung ausgerechnet habe ich mir nicht. Dabei sein ist alles.<\/p>\n\n\n\n<figure class=\"wp-block-image size-large\"><img loading=\"lazy\" decoding=\"async\" width=\"1024\" height=\"576\" src=\"https:\/\/www.elektrisch-auf-tour.de\/wp-content\/uploads\/2024\/09\/20240907_211546-1024x576.jpg\" alt=\"\" class=\"wp-image-2335\" srcset=\"https:\/\/www.elektrisch-auf-tour.de\/wp-content\/uploads\/2024\/09\/20240907_211546-1024x576.jpg 1024w, https:\/\/www.elektrisch-auf-tour.de\/wp-content\/uploads\/2024\/09\/20240907_211546-300x169.jpg 300w, https:\/\/www.elektrisch-auf-tour.de\/wp-content\/uploads\/2024\/09\/20240907_211546-768x432.jpg 768w, https:\/\/www.elektrisch-auf-tour.de\/wp-content\/uploads\/2024\/09\/20240907_211546-1536x864.jpg 1536w, https:\/\/www.elektrisch-auf-tour.de\/wp-content\/uploads\/2024\/09\/20240907_211546-2048x1152.jpg 2048w, https:\/\/www.elektrisch-auf-tour.de\/wp-content\/uploads\/2024\/09\/20240907_211546-18x10.jpg 18w, https:\/\/www.elektrisch-auf-tour.de\/wp-content\/uploads\/2024\/09\/20240907_211546-676x380.jpg 676w\" sizes=\"(max-width: 1024px) 100vw, 1024px\" \/><figcaption class=\"wp-element-caption\">Siegerehrung<\/figcaption><\/figure>\n\n\n\n<p>Das Ganze findet wiederum im Biergarten statt. Ich glaube uns allen ist aktuell gar nicht bewusst, was f\u00fcr ein Gl\u00fcck wir mit dem Wetter haben. Anfang September noch einen so lauen Abend zu erwischen ist schon au\u00dfergew\u00f6hnlich.<br>Wobei &#8230; &#8222;wenn Engel reisen &#8230;&#8220;<\/p>\n\n\n\n<figure class=\"wp-block-image size-large\"><img loading=\"lazy\" decoding=\"async\" width=\"1024\" height=\"576\" src=\"https:\/\/www.elektrisch-auf-tour.de\/wp-content\/uploads\/2024\/09\/20240907_211350-1024x576.jpg\" alt=\"\" class=\"wp-image-2336\" srcset=\"https:\/\/www.elektrisch-auf-tour.de\/wp-content\/uploads\/2024\/09\/20240907_211350-1024x576.jpg 1024w, https:\/\/www.elektrisch-auf-tour.de\/wp-content\/uploads\/2024\/09\/20240907_211350-300x169.jpg 300w, https:\/\/www.elektrisch-auf-tour.de\/wp-content\/uploads\/2024\/09\/20240907_211350-768x432.jpg 768w, https:\/\/www.elektrisch-auf-tour.de\/wp-content\/uploads\/2024\/09\/20240907_211350-1536x864.jpg 1536w, https:\/\/www.elektrisch-auf-tour.de\/wp-content\/uploads\/2024\/09\/20240907_211350-2048x1152.jpg 2048w, https:\/\/www.elektrisch-auf-tour.de\/wp-content\/uploads\/2024\/09\/20240907_211350-18x10.jpg 18w, https:\/\/www.elektrisch-auf-tour.de\/wp-content\/uploads\/2024\/09\/20240907_211350-676x380.jpg 676w\" sizes=\"(max-width: 1024px) 100vw, 1024px\" \/><figcaption class=\"wp-element-caption\">Zweiter Abend im Biergarten<\/figcaption><\/figure>\n\n\n\n<p>Und dann &#8230; es hat bei mir doch tats\u00e4chlich zum 3. Platz gereicht. Ich glaube ich habe irgendwas von &#8222;War so nicht geplant.&#8220; oder &#8222;Das gibt &#8217;s doch gar nicht.&#8220; gesagt.<\/p>\n\n\n\n<p>Was soll ich sagen &#8230; Ich freu mich!<\/p>\n\n\n<div class=\"wp-block-image\">\n<figure class=\"aligncenter size-large is-resized\"><img loading=\"lazy\" decoding=\"async\" width=\"709\" height=\"1024\" src=\"https:\/\/www.elektrisch-auf-tour.de\/wp-content\/uploads\/2024\/09\/20240907_224356-709x1024.jpg\" alt=\"\" class=\"wp-image-2337\" style=\"width:500px\" srcset=\"https:\/\/www.elektrisch-auf-tour.de\/wp-content\/uploads\/2024\/09\/20240907_224356-709x1024.jpg 709w, https:\/\/www.elektrisch-auf-tour.de\/wp-content\/uploads\/2024\/09\/20240907_224356-208x300.jpg 208w, https:\/\/www.elektrisch-auf-tour.de\/wp-content\/uploads\/2024\/09\/20240907_224356-768x1110.jpg 768w, https:\/\/www.elektrisch-auf-tour.de\/wp-content\/uploads\/2024\/09\/20240907_224356-1063x1536.jpg 1063w, https:\/\/www.elektrisch-auf-tour.de\/wp-content\/uploads\/2024\/09\/20240907_224356-1417x2048.jpg 1417w, https:\/\/www.elektrisch-auf-tour.de\/wp-content\/uploads\/2024\/09\/20240907_224356-8x12.jpg 8w, https:\/\/www.elektrisch-auf-tour.de\/wp-content\/uploads\/2024\/09\/20240907_224356-676x977.jpg 676w, https:\/\/www.elektrisch-auf-tour.de\/wp-content\/uploads\/2024\/09\/20240907_224356.jpg 1444w\" sizes=\"(max-width: 709px) 100vw, 709px\" \/><figcaption class=\"wp-element-caption\">3. Platz<\/figcaption><\/figure>\n<\/div>\n\n\n<p>Am Sonntagmorgen treffen wir uns noch auf 4 Motorr\u00e4dern, um f\u00fcr den Kameramann des PACERACEs noch ein paar Fahraufnahmen zu erm\u00f6glichen. Ich sage es ja schon immer: &#8222;The early bird catches the worm!&#8220;<\/p>\n\n\n\n<p>Kurz nach Sonnenaufgang sind dabei bestimmt perfekte Aufnahmen entstanden. Ich freue mich schon auf den Film, den es vom PACERACE 2024 geben wird.<\/p>\n\n\n\n<figure class=\"wp-block-video\"><video height=\"720\" style=\"aspect-ratio: 1280 \/ 720;\" width=\"1280\" controls src=\"https:\/\/www.elektrisch-auf-tour.de\/wp-content\/uploads\/2024\/09\/Sonntagmorgen_auf_der_DSR_X.mp4\"><\/video><figcaption class=\"wp-element-caption\">DSR\/X<\/figcaption><\/figure>\n\n\n\n<p>Ja und dann, nach dem Fr\u00fchst\u00fcck, hei\u00dft es auch schon wieder Abschied nehmen. Wir Teilnehmer machen uns auf den Weg zur\u00fcck. Hannover, Luxemburg, Graz, Wien &#8230; das sind nur ein paar Heimreiseziele der bunt gew\u00fcrfelten Gruppe.<\/p>\n\n\n\n<p>Sch\u00f6n war es! Ich freue mich schon jetzt auf 2025!<\/p>\n\n\n\n<p>\ud83d\udcab\u270c<\/p>","protected":false},"excerpt":{"rendered":"<p>Samstag, 24. August 2024, 13:51 Uhr. Mein Smartphone meldet sich und meint, dass da eine neue, \u00fcberaus wichtige E-Mail angekommen ist. Drei Dateien sind im Anhang auch dabei. Ein kurzer Blick rein und mir ist sofort klar, das Reglement zum PACERACE 2024 ist da. Kann doch eigentlich nicht so schwierig sein, als dass man das [&hellip;]<\/p>\n","protected":false},"author":1,"featured_media":0,"comment_status":"open","ping_status":"open","sticky":false,"template":"","format":"standard","meta":{"footnotes":""},"categories":[9,3,12],"tags":[],"class_list":["post-2309","post","type-post","status-publish","format-standard","hentry","category-elektromotorrad","category-tour","category-zero-dsr-x","post-preview"],"_links":{"self":[{"href":"https:\/\/www.elektrisch-auf-tour.de\/en\/wp-json\/wp\/v2\/posts\/2309","targetHints":{"allow":["GET"]}}],"collection":[{"href":"https:\/\/www.elektrisch-auf-tour.de\/en\/wp-json\/wp\/v2\/posts"}],"about":[{"href":"https:\/\/www.elektrisch-auf-tour.de\/en\/wp-json\/wp\/v2\/types\/post"}],"author":[{"embeddable":true,"href":"https:\/\/www.elektrisch-auf-tour.de\/en\/wp-json\/wp\/v2\/users\/1"}],"replies":[{"embeddable":true,"href":"https:\/\/www.elektrisch-auf-tour.de\/en\/wp-json\/wp\/v2\/comments?post=2309"}],"version-history":[{"count":23,"href":"https:\/\/www.elektrisch-auf-tour.de\/en\/wp-json\/wp\/v2\/posts\/2309\/revisions"}],"predecessor-version":[{"id":2359,"href":"https:\/\/www.elektrisch-auf-tour.de\/en\/wp-json\/wp\/v2\/posts\/2309\/revisions\/2359"}],"wp:attachment":[{"href":"https:\/\/www.elektrisch-auf-tour.de\/en\/wp-json\/wp\/v2\/media?parent=2309"}],"wp:term":[{"taxonomy":"category","embeddable":true,"href":"https:\/\/www.elektrisch-auf-tour.de\/en\/wp-json\/wp\/v2\/categories?post=2309"},{"taxonomy":"post_tag","embeddable":true,"href":"https:\/\/www.elektrisch-auf-tour.de\/en\/wp-json\/wp\/v2\/tags?post=2309"}],"curies":[{"name":"wp","href":"https:\/\/api.w.org\/{rel}","templated":true}]}}