{"id":378,"date":"2021-03-25T20:50:00","date_gmt":"2021-03-25T19:50:00","guid":{"rendered":"https:\/\/www.elektrisch-auf-tour.de\/?p=378"},"modified":"2022-10-23T09:10:06","modified_gmt":"2022-10-23T07:10:06","slug":"ladeleistung-von-6-auf-73-kw-aufruesten","status":"publish","type":"post","link":"https:\/\/www.elektrisch-auf-tour.de\/en\/zero-ds\/ladeleistung-von-6-auf-73-kw-aufruesten\/","title":{"rendered":"Ladeleistung von 6 auf 7,3 kW aufr\u00fcsten"},"content":{"rendered":"<p>Ich bin ehrlich. Hier hab&#8216; ich doch das ein oder andere Mal hin und her \u00fcberlegt. Das war eine echte &#8218;Hirnerei&#8216;. Am Ladekabel rumfummeln &#8230; macht man sowas \ud83d\ude28?<\/p>\n\n\n\n<p>Aber die Beschreibung von FlowBow im GoingElectric-Forum war dann doch zu verlockend. \ud83d\ude48<\/p>\n\n\n\n<figure class=\"wp-block-image size-large\"><img fetchpriority=\"high\" decoding=\"async\" width=\"1024\" height=\"576\" src=\"https:\/\/www.elektrisch-auf-tour.de\/wp-content\/uploads\/2022\/09\/20210325_131351-1024x576.jpg\" alt=\"\" class=\"wp-image-381\" srcset=\"https:\/\/www.elektrisch-auf-tour.de\/wp-content\/uploads\/2022\/09\/20210325_131351-1024x576.jpg 1024w, https:\/\/www.elektrisch-auf-tour.de\/wp-content\/uploads\/2022\/09\/20210325_131351-300x169.jpg 300w, https:\/\/www.elektrisch-auf-tour.de\/wp-content\/uploads\/2022\/09\/20210325_131351-768x432.jpg 768w, https:\/\/www.elektrisch-auf-tour.de\/wp-content\/uploads\/2022\/09\/20210325_131351-1536x864.jpg 1536w, https:\/\/www.elektrisch-auf-tour.de\/wp-content\/uploads\/2022\/09\/20210325_131351-2048x1152.jpg 2048w, https:\/\/www.elektrisch-auf-tour.de\/wp-content\/uploads\/2022\/09\/20210325_131351-676x380.jpg 676w\" sizes=\"(max-width: 1024px) 100vw, 1024px\" \/><\/figure>\n\n\n\n<p>Der Gedanke, dass man damit dann unterwegs um 20% schneller Laden kann, der war schon irgendwie genial.<\/p>\n\n\n\n<!--more-->\n\n\n\n<p>Mein Typ 2 Stecker war bereits mit allen Power-Pins ausgestattet, somit wurden nur ein Kabel mit C13 Kaltger\u00e4testecker und zwei passende WAGO 221 Klemme ben\u00f6tigt.<\/p>\n\n\n\n<p>Als ich dann den Typ 2 Stecker ge\u00f6ffnet hatte, viel sofort die Zugentlastung auf. Die w\u00fcrde man nicht &#8218;verlustfrei&#8216; herunterbringen und dann wiederverwenden k\u00f6nnen. Also vielleicht doch das ganze ad acta legen? \ud83d\ude33<\/p>\n\n\n\n<p>Na, nur Mut, wird schon gut gehen &#8230;<\/p>\n\n\n\n<p>Also den Seitenschneider und eine kleine S\u00e4ge rausgeholt und das Teil mal zerlegt. Die Zugentlastung musste mit einem L\u00e4ngsschnitt zuerst dran glauben. Dann noch geschaut wo Nullleiter und Erde am besten durchtrennt werden, so dass die nach dem Umbau auch samt der WAGO Klemme wieder vern\u00fcnftig rein passen. Auch der Schnitt war dann schnell, aber wohl\u00fcberlegt \ud83d\ude48, gesetzt.<\/p>\n\n\n\n<p>Dann musste noch ein passendes Loch f\u00fcr das Kabel zum Kaltger\u00e4testecker gebohrt werden und schon ging es an den Wiederaufbau. \ud83d\ude00<\/p>\n\n\n\n<p>Die Phase des Kabels zum Kaltger\u00e4testecker sollte eigentlich gecrimpt werden, das ging aber nicht, da der Power-Pin f\u00fcr eine 4 mm\u00b2 Leitung vorgesehen war. Also hier den L\u00f6tkolben rausgeholt und eine passende L\u00f6tverbindung hergestellt.<\/p>\n\n\n\n<p>Verbindung f\u00fcr Nullleiter und Erde per WAGO Klemme hergestellt, die Zugentlastung wieder mit zwei Kabelbindern eingebaut und dann noch das Ganze vern\u00fcnftig verstaut.<\/p>\n\n\n\n<figure class=\"wp-block-image size-large\"><img decoding=\"async\" width=\"1024\" height=\"576\" src=\"https:\/\/www.elektrisch-auf-tour.de\/wp-content\/uploads\/2022\/09\/20210325_131420-1024x576.jpg\" alt=\"\" class=\"wp-image-382\" srcset=\"https:\/\/www.elektrisch-auf-tour.de\/wp-content\/uploads\/2022\/09\/20210325_131420-1024x576.jpg 1024w, https:\/\/www.elektrisch-auf-tour.de\/wp-content\/uploads\/2022\/09\/20210325_131420-300x169.jpg 300w, https:\/\/www.elektrisch-auf-tour.de\/wp-content\/uploads\/2022\/09\/20210325_131420-768x432.jpg 768w, https:\/\/www.elektrisch-auf-tour.de\/wp-content\/uploads\/2022\/09\/20210325_131420-1536x864.jpg 1536w, https:\/\/www.elektrisch-auf-tour.de\/wp-content\/uploads\/2022\/09\/20210325_131420-2048x1152.jpg 2048w, https:\/\/www.elektrisch-auf-tour.de\/wp-content\/uploads\/2022\/09\/20210325_131420-676x380.jpg 676w\" sizes=\"(max-width: 1024px) 100vw, 1024px\" \/><\/figure>\n\n\n\n<p>Passt.<\/p>\n\n\n\n<p>Vor dem Verschlie\u00dfen alles mal durchmessen. Passt auch. \ud83d\ude00<\/p>\n\n\n\n<p>Zum Schluss noch: Deckel drauf!<\/p>\n\n\n\n<p>Schaut gut aus:<\/p>\n\n\n\n<figure class=\"wp-block-image size-large\"><img decoding=\"async\" width=\"1024\" height=\"825\" src=\"https:\/\/www.elektrisch-auf-tour.de\/wp-content\/uploads\/2022\/09\/20210325_155103-1024x825.jpg\" alt=\"\" class=\"wp-image-380\" srcset=\"https:\/\/www.elektrisch-auf-tour.de\/wp-content\/uploads\/2022\/09\/20210325_155103-1024x825.jpg 1024w, https:\/\/www.elektrisch-auf-tour.de\/wp-content\/uploads\/2022\/09\/20210325_155103-300x242.jpg 300w, https:\/\/www.elektrisch-auf-tour.de\/wp-content\/uploads\/2022\/09\/20210325_155103-768x619.jpg 768w, https:\/\/www.elektrisch-auf-tour.de\/wp-content\/uploads\/2022\/09\/20210325_155103-1536x1238.jpg 1536w, https:\/\/www.elektrisch-auf-tour.de\/wp-content\/uploads\/2022\/09\/20210325_155103-2048x1651.jpg 2048w, https:\/\/www.elektrisch-auf-tour.de\/wp-content\/uploads\/2022\/09\/20210325_155103-676x545.jpg 676w\" sizes=\"(max-width: 1024px) 100vw, 1024px\" \/><\/figure>\n\n\n\n<p>F\u00fcr einen Lade-Test reichte heute die Zeit nicht mehr. Der wird wahrscheinlich morgen durchgef\u00fchrt &#8230;<\/p>","protected":false},"excerpt":{"rendered":"<p>Ich bin ehrlich. Hier hab&#8216; ich doch das ein oder andere Mal hin und her \u00fcberlegt. Das war eine echte &#8218;Hirnerei&#8216;. Am Ladekabel rumfummeln &#8230; macht man sowas \ud83d\ude28? Aber die Beschreibung von FlowBow im GoingElectric-Forum war dann doch zu verlockend. \ud83d\ude48 Der Gedanke, dass man damit dann unterwegs um 20% schneller Laden kann, der [&hellip;]<\/p>\n","protected":false},"author":1,"featured_media":0,"comment_status":"open","ping_status":"open","sticky":false,"template":"","format":"standard","meta":{"footnotes":""},"categories":[9,4],"tags":[],"class_list":["post-378","post","type-post","status-publish","format-standard","hentry","category-elektromotorrad","category-zero-ds","post-preview"],"_links":{"self":[{"href":"https:\/\/www.elektrisch-auf-tour.de\/en\/wp-json\/wp\/v2\/posts\/378","targetHints":{"allow":["GET"]}}],"collection":[{"href":"https:\/\/www.elektrisch-auf-tour.de\/en\/wp-json\/wp\/v2\/posts"}],"about":[{"href":"https:\/\/www.elektrisch-auf-tour.de\/en\/wp-json\/wp\/v2\/types\/post"}],"author":[{"embeddable":true,"href":"https:\/\/www.elektrisch-auf-tour.de\/en\/wp-json\/wp\/v2\/users\/1"}],"replies":[{"embeddable":true,"href":"https:\/\/www.elektrisch-auf-tour.de\/en\/wp-json\/wp\/v2\/comments?post=378"}],"version-history":[{"count":6,"href":"https:\/\/www.elektrisch-auf-tour.de\/en\/wp-json\/wp\/v2\/posts\/378\/revisions"}],"predecessor-version":[{"id":960,"href":"https:\/\/www.elektrisch-auf-tour.de\/en\/wp-json\/wp\/v2\/posts\/378\/revisions\/960"}],"wp:attachment":[{"href":"https:\/\/www.elektrisch-auf-tour.de\/en\/wp-json\/wp\/v2\/media?parent=378"}],"wp:term":[{"taxonomy":"category","embeddable":true,"href":"https:\/\/www.elektrisch-auf-tour.de\/en\/wp-json\/wp\/v2\/categories?post=378"},{"taxonomy":"post_tag","embeddable":true,"href":"https:\/\/www.elektrisch-auf-tour.de\/en\/wp-json\/wp\/v2\/tags?post=378"}],"curies":[{"name":"wp","href":"https:\/\/api.w.org\/{rel}","templated":true}]}}