{"id":588,"date":"2021-08-12T18:07:00","date_gmt":"2021-08-12T16:07:00","guid":{"rendered":"https:\/\/www.elektrisch-auf-tour.de\/?p=588"},"modified":"2022-11-11T19:03:13","modified_gmt":"2022-11-11T18:03:13","slug":"bayerwaldtour-2021","status":"publish","type":"post","link":"https:\/\/www.elektrisch-auf-tour.de\/en\/tour\/bayerwaldtour-2021\/","title":{"rendered":"Bayerwaldtour 2021"},"content":{"rendered":"<p>Der Berg ruft &#8230; also doch. \ud83d\ude00<\/p>\n\n\n\n<p>Urlaub. Und da hatte ich schon seit l\u00e4ngerem eine Tour in den Bayerischen Wald in Planung. Folgende Route sollte mich am Vormittag bis Waldm\u00fcnchen bringen:<\/p>\n\n\n\n<figure class=\"wp-block-image size-large\"><img fetchpriority=\"high\" decoding=\"async\" width=\"1024\" height=\"388\" src=\"https:\/\/www.elektrisch-auf-tour.de\/wp-content\/uploads\/2022\/09\/Bayerwaldtour1-1024x388.jpg\" alt=\"\" class=\"wp-image-591\" srcset=\"https:\/\/www.elektrisch-auf-tour.de\/wp-content\/uploads\/2022\/09\/Bayerwaldtour1-1024x388.jpg 1024w, https:\/\/www.elektrisch-auf-tour.de\/wp-content\/uploads\/2022\/09\/Bayerwaldtour1-300x114.jpg 300w, https:\/\/www.elektrisch-auf-tour.de\/wp-content\/uploads\/2022\/09\/Bayerwaldtour1-768x291.jpg 768w, https:\/\/www.elektrisch-auf-tour.de\/wp-content\/uploads\/2022\/09\/Bayerwaldtour1-676x256.jpg 676w, https:\/\/www.elektrisch-auf-tour.de\/wp-content\/uploads\/2022\/09\/Bayerwaldtour1.jpg 1139w\" sizes=\"(max-width: 1024px) 100vw, 1024px\" \/><\/figure>\n\n\n\n<p>Los ging es zuhause kurz nach 7 Uhr.<\/p>\n\n\n\n<!--more-->\n\n\n\n<p>Viel mitzunehmen war nicht. Ein bisschen was zu trinken kam in den Koffer und das war &#8217;s dann auch schon. Alles weitere an Proviant l\u00e4sst sich unterwegs besorgen.<\/p>\n\n\n\n<p>Die Route f\u00fchrte mich zuerst ans n\u00f6rdliche Eck des Truppen\u00fcbungsplatz Hohenfels. Von da aus ging es dann \u00fcber Schmidm\u00fchlen und Bubach an der Naab zum Steinberger See. Hier war ich ja erst im Juni.<\/p>\n\n\n\n<p>Dieses Mal hab ich an der Erlebnisholzkugel einen kurzen Zwischenstopp eingelegt. Gekannt habe ich diese Kugel bisher nur aus den Medien. Schon beeindruckend, wenn man dann direkt davor steht.<\/p>\n\n\n<div class=\"wp-block-image\">\n<figure class=\"aligncenter size-large is-resized\"><img decoding=\"async\" src=\"https:\/\/www.elektrisch-auf-tour.de\/wp-content\/uploads\/2022\/09\/20210812_081206-576x1024.jpg\" alt=\"\" class=\"wp-image-602\" width=\"432\" height=\"768\" srcset=\"https:\/\/www.elektrisch-auf-tour.de\/wp-content\/uploads\/2022\/09\/20210812_081206-576x1024.jpg 576w, https:\/\/www.elektrisch-auf-tour.de\/wp-content\/uploads\/2022\/09\/20210812_081206-169x300.jpg 169w, https:\/\/www.elektrisch-auf-tour.de\/wp-content\/uploads\/2022\/09\/20210812_081206-768x1365.jpg 768w, https:\/\/www.elektrisch-auf-tour.de\/wp-content\/uploads\/2022\/09\/20210812_081206-864x1536.jpg 864w, https:\/\/www.elektrisch-auf-tour.de\/wp-content\/uploads\/2022\/09\/20210812_081206-1152x2048.jpg 1152w, https:\/\/www.elektrisch-auf-tour.de\/wp-content\/uploads\/2022\/09\/20210812_081206-676x1202.jpg 676w, https:\/\/www.elektrisch-auf-tour.de\/wp-content\/uploads\/2022\/09\/20210812_081206-scaled.jpg 1440w\" sizes=\"(max-width: 432px) 100vw, 432px\" \/><\/figure>\n<\/div>\n\n\n<p>Wenn man sich f\u00fcr dieses &#8222;Ei&#8220; ein Ticket l\u00f6st, dann warten mehrere Erlebnisstationen und eine 80 Meter lange Riesenrutsche auf einen. <\/p>\n\n\n\n<p>Lange hielt ich mich dort nicht auf. Mein Weg f\u00fchrte mich weiter \u00fcber Wackersdorf und Schwarzhofen nach Oberviechtach. Hier hatte ich eigentlich im Ortszentrum einen Stopp zum Brotzeit machen und Nachladen der DS eingeplant.<\/p>\n\n\n\n<p>Ich dann also an der Lades\u00e4ule vorgefahren, Ladekabel angesteckt und versucht das Teil ins Laufen zu bekommen. Ganz so routiniert im Umgang mit Lades\u00e4ulen war ich dann scheinbar doch noch nicht.<\/p>\n\n\n\n<p>Denn sonst w\u00e4re mir aufgefallen, dass die gr\u00fcne Leuchte, die die Einsatzbereitschaft signalisiert, nicht an war. Gar nichts war an &#8211; an dieser S\u00e4ule. Sinnloses Elektroequipment so zu sagen, wenn es einfach so in der Gegend rum steht.<\/p>\n\n\n\n<p>Also wieder alles eingepackt und zur n\u00e4chsten Lades\u00e4ule in Oberviechtach gefahren. Die soll sich dort n\u00e4mlich bei der Schule befinden. Das war auch wieder nichts, denn scheinbar hat die irgendjemand abmontiert, mitgenommen, was auch immer &#8230;\ud83d\ude01. Da fehlte dann nicht nur das gr\u00fcnde Licht, sondern die komplette S\u00e4ule.<\/p>\n\n\n\n<p>Ich fuhr also weiter in Richtung Waldm\u00fcnchen. Gen\u00fcgend Reichweite hatte ich ja noch, nur mein Magen meinte halt langsam, dass irgendwann mal was zu Essen cool w\u00e4re.\ud83d\ude0f\ud83d\ude33\ud83d\ude01<\/p>\n\n\n\n<p>Kurz nach Oberviechtach gab es dann auch noch eine Stra\u00dfensperrung, die ich s\u00fcdlich umfahren habe. Richtung bayerischer Wald ist wichtig, der Rest ist egal, denn der Weg ist das Ziel.<\/p>\n\n\n\n<p>Ab und zu ist so eine Umfahrung nicht mal so schlecht. Ich glaube n\u00e4mlich, dass ich sonst nicht durch Treffelstein gekommen w\u00e4re. Hier ist mir gleich der markante Burgfried samt nahegelegenem Parkplatz mit Lades\u00e4ule und viel wichtiger &#8211; einer B\u00e4ckerei &#8211; aufgefallen.<\/p>\n\n\n\n<p>\ud83d\ude00 Ich glaube es gibt Kaffee. \ud83d\ude01<\/p>\n\n\n\n<figure class=\"wp-block-image size-large\"><img decoding=\"async\" width=\"1024\" height=\"576\" src=\"https:\/\/www.elektrisch-auf-tour.de\/wp-content\/uploads\/2022\/09\/20210812_101520-1024x576.jpg\" alt=\"\" class=\"wp-image-603\" srcset=\"https:\/\/www.elektrisch-auf-tour.de\/wp-content\/uploads\/2022\/09\/20210812_101520-1024x576.jpg 1024w, https:\/\/www.elektrisch-auf-tour.de\/wp-content\/uploads\/2022\/09\/20210812_101520-300x169.jpg 300w, https:\/\/www.elektrisch-auf-tour.de\/wp-content\/uploads\/2022\/09\/20210812_101520-768x432.jpg 768w, https:\/\/www.elektrisch-auf-tour.de\/wp-content\/uploads\/2022\/09\/20210812_101520-1536x864.jpg 1536w, https:\/\/www.elektrisch-auf-tour.de\/wp-content\/uploads\/2022\/09\/20210812_101520-676x380.jpg 676w, https:\/\/www.elektrisch-auf-tour.de\/wp-content\/uploads\/2022\/09\/20210812_101520.jpg 1727w\" sizes=\"(max-width: 1024px) 100vw, 1024px\" \/><figcaption class=\"wp-element-caption\">Second breakfast<\/figcaption><\/figure>\n\n\n\n<p>So war es dann auch. Die Zero DS wurde mit Elektronen versorgt und f\u00fcr mich gab es zwei herzhafte Stangerl vom B\u00e4cker samt einen COFFEE to GO. Jetzt ist die Welt wieder in Ordnung.<\/p>\n\n\n\n<p>Danach wurde nat\u00fcrlich auch noch die Burg besichtigt. Der Burgfried war \u00fcber eine Systematik \u00e4hnlich denen an Zigarettenautomaten gesichert. Man ben\u00f6tigt einen Personalausweis, um das Gittertor zu \u00f6ffnen. Das nenn ich mal Kindersicher.  \ud83d\ude00<\/p>\n\n\n\n<figure class=\"wp-block-image size-large\"><img loading=\"lazy\" decoding=\"async\" width=\"1024\" height=\"458\" src=\"https:\/\/www.elektrisch-auf-tour.de\/wp-content\/uploads\/2022\/09\/20210812_101919-1024x458.jpg\" alt=\"\" class=\"wp-image-604\" srcset=\"https:\/\/www.elektrisch-auf-tour.de\/wp-content\/uploads\/2022\/09\/20210812_101919-1024x458.jpg 1024w, https:\/\/www.elektrisch-auf-tour.de\/wp-content\/uploads\/2022\/09\/20210812_101919-300x134.jpg 300w, https:\/\/www.elektrisch-auf-tour.de\/wp-content\/uploads\/2022\/09\/20210812_101919-768x343.jpg 768w, https:\/\/www.elektrisch-auf-tour.de\/wp-content\/uploads\/2022\/09\/20210812_101919-1536x686.jpg 1536w, https:\/\/www.elektrisch-auf-tour.de\/wp-content\/uploads\/2022\/09\/20210812_101919-2048x915.jpg 2048w, https:\/\/www.elektrisch-auf-tour.de\/wp-content\/uploads\/2022\/09\/20210812_101919-676x302.jpg 676w\" sizes=\"(max-width: 1024px) 100vw, 1024px\" \/><\/figure>\n\n\n<div class=\"wp-block-image\">\n<figure class=\"aligncenter size-large is-resized\"><img loading=\"lazy\" decoding=\"async\" src=\"https:\/\/www.elektrisch-auf-tour.de\/wp-content\/uploads\/2022\/09\/20210812_102201-576x1024.jpg\" alt=\"\" class=\"wp-image-605\" width=\"432\" height=\"768\" srcset=\"https:\/\/www.elektrisch-auf-tour.de\/wp-content\/uploads\/2022\/09\/20210812_102201-576x1024.jpg 576w, https:\/\/www.elektrisch-auf-tour.de\/wp-content\/uploads\/2022\/09\/20210812_102201-169x300.jpg 169w, https:\/\/www.elektrisch-auf-tour.de\/wp-content\/uploads\/2022\/09\/20210812_102201-768x1365.jpg 768w, https:\/\/www.elektrisch-auf-tour.de\/wp-content\/uploads\/2022\/09\/20210812_102201-864x1536.jpg 864w, https:\/\/www.elektrisch-auf-tour.de\/wp-content\/uploads\/2022\/09\/20210812_102201-1152x2048.jpg 1152w, https:\/\/www.elektrisch-auf-tour.de\/wp-content\/uploads\/2022\/09\/20210812_102201-676x1202.jpg 676w, https:\/\/www.elektrisch-auf-tour.de\/wp-content\/uploads\/2022\/09\/20210812_102201-scaled.jpg 1440w\" sizes=\"(max-width: 432px) 100vw, 432px\" \/><figcaption class=\"wp-element-caption\">Burgfried in Treffelstein<\/figcaption><\/figure>\n<\/div>\n\n\n<p>Von oben hatte ich eine wunderbare Rundumsicht \u00fcber Treffelstein und das umliegende Land. So sch\u00f6n ist also der Landkreis Cham &#8211; na kein Wunder, liegt ja auch in der Oberpfalz. \ud83d\ude00<\/p>\n\n\n\n<figure class=\"wp-block-image size-large\"><img loading=\"lazy\" decoding=\"async\" width=\"1024\" height=\"576\" src=\"https:\/\/www.elektrisch-auf-tour.de\/wp-content\/uploads\/2022\/09\/20210812_103931-1024x576.jpg\" alt=\"\" class=\"wp-image-606\" srcset=\"https:\/\/www.elektrisch-auf-tour.de\/wp-content\/uploads\/2022\/09\/20210812_103931-1024x576.jpg 1024w, https:\/\/www.elektrisch-auf-tour.de\/wp-content\/uploads\/2022\/09\/20210812_103931-300x169.jpg 300w, https:\/\/www.elektrisch-auf-tour.de\/wp-content\/uploads\/2022\/09\/20210812_103931-768x432.jpg 768w, https:\/\/www.elektrisch-auf-tour.de\/wp-content\/uploads\/2022\/09\/20210812_103931-1536x864.jpg 1536w, https:\/\/www.elektrisch-auf-tour.de\/wp-content\/uploads\/2022\/09\/20210812_103931-2048x1152.jpg 2048w, https:\/\/www.elektrisch-auf-tour.de\/wp-content\/uploads\/2022\/09\/20210812_103931-676x380.jpg 676w\" sizes=\"(max-width: 1024px) 100vw, 1024px\" \/><\/figure>\n\n\n\n<p>Bei Abfahrt in Treffelstein zeigte die Akkuanzeige 55% an. Eigentlich h\u00e4tte ich mir mehr erwartet, aber die Lades\u00e4ule hat nur mit irgendwas um die 4 kW geladen. Macht aber nichts, den Waldm\u00fcnchen hatte ich eh als Haltestelle auf meinem Plan und dort gab es dann auch die n\u00e4chste Lades\u00e4ule:<\/p>\n\n\n\n<figure class=\"wp-block-image size-large\"><img loading=\"lazy\" decoding=\"async\" width=\"1024\" height=\"576\" src=\"https:\/\/www.elektrisch-auf-tour.de\/wp-content\/uploads\/2022\/09\/20210812_113744-1024x576.jpg\" alt=\"\" class=\"wp-image-607\" srcset=\"https:\/\/www.elektrisch-auf-tour.de\/wp-content\/uploads\/2022\/09\/20210812_113744-1024x576.jpg 1024w, https:\/\/www.elektrisch-auf-tour.de\/wp-content\/uploads\/2022\/09\/20210812_113744-300x169.jpg 300w, https:\/\/www.elektrisch-auf-tour.de\/wp-content\/uploads\/2022\/09\/20210812_113744-768x432.jpg 768w, https:\/\/www.elektrisch-auf-tour.de\/wp-content\/uploads\/2022\/09\/20210812_113744-1536x864.jpg 1536w, https:\/\/www.elektrisch-auf-tour.de\/wp-content\/uploads\/2022\/09\/20210812_113744-2048x1152.jpg 2048w, https:\/\/www.elektrisch-auf-tour.de\/wp-content\/uploads\/2022\/09\/20210812_113744-676x380.jpg 676w\" sizes=\"(max-width: 1024px) 100vw, 1024px\" \/><\/figure>\n\n\n\n<p>Und die hat es der DS dann auch mit 7,3 kW besorgt. \ud83d\ude01\ud83d\ude48<\/p>\n\n\n\n<p>F\u00fcr mein leibliches Wohl hat der Eisdieler von der &#8222;Pizzeria Eiscaf\u00e9 Europa&#8220; gesorgt.<\/p>\n\n\n<div class=\"wp-block-image\">\n<figure class=\"aligncenter size-large is-resized\"><img loading=\"lazy\" decoding=\"async\" src=\"https:\/\/www.elektrisch-auf-tour.de\/wp-content\/uploads\/2022\/09\/20210812_111900-768x1024.jpg\" alt=\"\" class=\"wp-image-608\" width=\"576\" height=\"768\" srcset=\"https:\/\/www.elektrisch-auf-tour.de\/wp-content\/uploads\/2022\/09\/20210812_111900-768x1024.jpg 768w, https:\/\/www.elektrisch-auf-tour.de\/wp-content\/uploads\/2022\/09\/20210812_111900-225x300.jpg 225w, https:\/\/www.elektrisch-auf-tour.de\/wp-content\/uploads\/2022\/09\/20210812_111900-1152x1536.jpg 1152w, https:\/\/www.elektrisch-auf-tour.de\/wp-content\/uploads\/2022\/09\/20210812_111900-1536x2048.jpg 1536w, https:\/\/www.elektrisch-auf-tour.de\/wp-content\/uploads\/2022\/09\/20210812_111900-676x901.jpg 676w, https:\/\/www.elektrisch-auf-tour.de\/wp-content\/uploads\/2022\/09\/20210812_111900-scaled.jpg 1920w\" sizes=\"(max-width: 576px) 100vw, 576px\" \/><figcaption class=\"wp-element-caption\">Lieblingsbesch\u00e4ftigung<\/figcaption><\/figure>\n<\/div>\n\n\n<p>Nach kurzer Zeit waren wir dann beide pappsatt. Konnte also weiter gehen in Richtung Bayerischer Wald. Wobei es hier, rund um Waldm\u00fcnchen auch richtig sch\u00f6n ist &#8211; liegt ja auch mitten im Oberpf\u00e4lzer Wald. \ud83d\ude00<\/p>\n\n\n\n<p>Mein weiterer Tourenverlauf sah so aus:<\/p>\n\n\n\n<figure class=\"wp-block-image size-large\"><img loading=\"lazy\" decoding=\"async\" width=\"1024\" height=\"465\" src=\"https:\/\/www.elektrisch-auf-tour.de\/wp-content\/uploads\/2022\/09\/tour-20210812-Teil2-1024x465.jpg\" alt=\"\" class=\"wp-image-609\" srcset=\"https:\/\/www.elektrisch-auf-tour.de\/wp-content\/uploads\/2022\/09\/tour-20210812-Teil2-1024x465.jpg 1024w, https:\/\/www.elektrisch-auf-tour.de\/wp-content\/uploads\/2022\/09\/tour-20210812-Teil2-300x136.jpg 300w, https:\/\/www.elektrisch-auf-tour.de\/wp-content\/uploads\/2022\/09\/tour-20210812-Teil2-768x349.jpg 768w, https:\/\/www.elektrisch-auf-tour.de\/wp-content\/uploads\/2022\/09\/tour-20210812-Teil2-676x307.jpg 676w, https:\/\/www.elektrisch-auf-tour.de\/wp-content\/uploads\/2022\/09\/tour-20210812-Teil2.jpg 1131w\" sizes=\"(max-width: 1024px) 100vw, 1024px\" \/><\/figure>\n\n\n\n<p>Durch Furth im Wald bin ich etwas schneller durch gefahren. Man wei\u00df hier ja nie, ob die ihren Drachen nicht doch ab und zu Gassi f\u00fchren. Keine Ahnung, wie der dann auf so ein nicht allt\u00e4gliches Gef\u00e4hrt samt komischen Fahrer reagieren w\u00fcrde. Also nix wie weiter.<\/p>\n\n\n\n<p>Wer mehr erfahren will: Einfach mal nach &#8222;Drachenstich in Furth im Wald&#8220; googeln.<\/p>\n\n\n\n<p>Bei Eschlkam bin ich dann ganz sch\u00f6n erschrocken. Da standen doch auf einmal zig Windfahnen sch\u00f6n geordnet in der Gegend herum. Einen zugeh\u00f6rigen Flugplatz konnte ich nicht finden.<\/p>\n\n\n\n<p>Hier hat Googeln dann mir weiter geholfen: Der K\u00fcnstler Ivan Kafka hat dieses Kunstwerk geschaffen. Titel: &#8222;Raum der Freiheit und der Schlaffheit&#8220; &#8211; ein kleines erotisierendes Kunstprojekt &#8230; hm &#8230; ich muss es nicht werten, sch\u00f6n zum Anschauen war es allemal. \ud83d\ude00<\/p>\n\n\n\n<figure class=\"wp-block-image size-large\"><img loading=\"lazy\" decoding=\"async\" width=\"1024\" height=\"576\" src=\"https:\/\/www.elektrisch-auf-tour.de\/wp-content\/uploads\/2022\/09\/20210812_122646-1024x576.jpg\" alt=\"\" class=\"wp-image-611\" srcset=\"https:\/\/www.elektrisch-auf-tour.de\/wp-content\/uploads\/2022\/09\/20210812_122646-1024x576.jpg 1024w, https:\/\/www.elektrisch-auf-tour.de\/wp-content\/uploads\/2022\/09\/20210812_122646-300x169.jpg 300w, https:\/\/www.elektrisch-auf-tour.de\/wp-content\/uploads\/2022\/09\/20210812_122646-768x432.jpg 768w, https:\/\/www.elektrisch-auf-tour.de\/wp-content\/uploads\/2022\/09\/20210812_122646-1536x864.jpg 1536w, https:\/\/www.elektrisch-auf-tour.de\/wp-content\/uploads\/2022\/09\/20210812_122646-2048x1152.jpg 2048w, https:\/\/www.elektrisch-auf-tour.de\/wp-content\/uploads\/2022\/09\/20210812_122646-676x380.jpg 676w\" sizes=\"(max-width: 1024px) 100vw, 1024px\" \/><figcaption class=\"wp-element-caption\">Raum der Freiheit und der Schlaffheit<\/figcaption><\/figure>\n\n\n\n<p>Keine 5 Minuten sp\u00e4ter kam ich dann schon wieder an einem Kunstwerk vorbei:<\/p>\n\n\n\n<figure class=\"wp-block-image size-large\"><img loading=\"lazy\" decoding=\"async\" width=\"1024\" height=\"576\" src=\"https:\/\/www.elektrisch-auf-tour.de\/wp-content\/uploads\/2022\/09\/20210812_123112-1024x576.jpg\" alt=\"\" class=\"wp-image-612\" srcset=\"https:\/\/www.elektrisch-auf-tour.de\/wp-content\/uploads\/2022\/09\/20210812_123112-1024x576.jpg 1024w, https:\/\/www.elektrisch-auf-tour.de\/wp-content\/uploads\/2022\/09\/20210812_123112-300x169.jpg 300w, https:\/\/www.elektrisch-auf-tour.de\/wp-content\/uploads\/2022\/09\/20210812_123112-768x432.jpg 768w, https:\/\/www.elektrisch-auf-tour.de\/wp-content\/uploads\/2022\/09\/20210812_123112-1536x864.jpg 1536w, https:\/\/www.elektrisch-auf-tour.de\/wp-content\/uploads\/2022\/09\/20210812_123112-2048x1152.jpg 2048w, https:\/\/www.elektrisch-auf-tour.de\/wp-content\/uploads\/2022\/09\/20210812_123112-676x380.jpg 676w\" sizes=\"(max-width: 1024px) 100vw, 1024px\" \/><figcaption class=\"wp-element-caption\">Kunstpavillon Stachesried<\/figcaption><\/figure>\n\n\n\n<p>Nein, nicht die ZERO DS &#8211; ja, die ist schon auch ein Kunstwerk &#8211; hier geht es um die Halle dahinter. Besser gesagt um den Kunstpavillon Stachesried &#8211; so hei\u00dft das Geb\u00e4ude.<\/p>\n\n\n\n<p>Darin sind Werke von amerikanischen, tschechischen und deutschen K\u00fcnstlern ausgestellt. Ich hab &#8217;s mir angeschaut &#8211; wirklich anfangen kann ich nicht viel damit. Aber das Geb\u00e4ude allein war schon beeindruckend &#8211; besonders mit der DS davor. \ud83d\ude01\ud83d\ude48<\/p>\n\n\n\n<p>F\u00fcr mich ging es weiter \u00fcber Neukrichen beim Heiligen Blut und Lam nach Lohberg. Dieses Eck hier, hinter Kaitersberg, Riedelstein, kleinem und gro\u00dfem Arber liebe ich. Wir waren hier schon einige Male zum Wandern. Viele Gipfel laden zu wundersch\u00f6nen Touren ein.<\/p>\n\n\n\n<p>Eine empfehlenswerte &#8222;Base-Station&#8220; f\u00fcr solche Wanderungen ist die Ortschaft Lam.<\/p>\n\n\n\n<p>Nach Lohberg zieht sich die Stra\u00dfe dann gen Arber-Gebiet hinauf. Kurz vor Brennes taucht auf der linken Seite die Hindenburgkanzel auf.  Da sind wir auch schon oft oben gestanden und so habe ich auch heute wieder am nahegelegenen Parkplatz gehalten.<\/p>\n\n\n\n<p>Die Aussicht von der Kanzel ist immer wieder berauschend sch\u00f6n.<\/p>\n\n\n<div class=\"wp-block-image\">\n<figure class=\"aligncenter size-large is-resized\"><img loading=\"lazy\" decoding=\"async\" src=\"https:\/\/www.elektrisch-auf-tour.de\/wp-content\/uploads\/2022\/09\/20210812_130612-576x1024.jpg\" alt=\"\" class=\"wp-image-614\" width=\"432\" height=\"768\" srcset=\"https:\/\/www.elektrisch-auf-tour.de\/wp-content\/uploads\/2022\/09\/20210812_130612-576x1024.jpg 576w, https:\/\/www.elektrisch-auf-tour.de\/wp-content\/uploads\/2022\/09\/20210812_130612-169x300.jpg 169w, https:\/\/www.elektrisch-auf-tour.de\/wp-content\/uploads\/2022\/09\/20210812_130612-768x1365.jpg 768w, https:\/\/www.elektrisch-auf-tour.de\/wp-content\/uploads\/2022\/09\/20210812_130612-864x1536.jpg 864w, https:\/\/www.elektrisch-auf-tour.de\/wp-content\/uploads\/2022\/09\/20210812_130612-1152x2048.jpg 1152w, https:\/\/www.elektrisch-auf-tour.de\/wp-content\/uploads\/2022\/09\/20210812_130612-676x1202.jpg 676w, https:\/\/www.elektrisch-auf-tour.de\/wp-content\/uploads\/2022\/09\/20210812_130612-scaled.jpg 1440w\" sizes=\"(max-width: 432px) 100vw, 432px\" \/><figcaption class=\"wp-element-caption\">Blick von der Hindenburgkanzel in Richtung Arber<\/figcaption><\/figure>\n<\/div>\n\n\n<figure class=\"wp-block-image size-large\"><img loading=\"lazy\" decoding=\"async\" width=\"1024\" height=\"576\" src=\"https:\/\/www.elektrisch-auf-tour.de\/wp-content\/uploads\/2022\/09\/20210812_130654-1024x576.jpg\" alt=\"\" class=\"wp-image-615\" srcset=\"https:\/\/www.elektrisch-auf-tour.de\/wp-content\/uploads\/2022\/09\/20210812_130654-1024x576.jpg 1024w, https:\/\/www.elektrisch-auf-tour.de\/wp-content\/uploads\/2022\/09\/20210812_130654-300x169.jpg 300w, https:\/\/www.elektrisch-auf-tour.de\/wp-content\/uploads\/2022\/09\/20210812_130654-768x432.jpg 768w, https:\/\/www.elektrisch-auf-tour.de\/wp-content\/uploads\/2022\/09\/20210812_130654-1536x864.jpg 1536w, https:\/\/www.elektrisch-auf-tour.de\/wp-content\/uploads\/2022\/09\/20210812_130654-2048x1152.jpg 2048w, https:\/\/www.elektrisch-auf-tour.de\/wp-content\/uploads\/2022\/09\/20210812_130654-676x380.jpg 676w\" sizes=\"(max-width: 1024px) 100vw, 1024px\" \/><figcaption class=\"wp-element-caption\">Blick in den &#8218;Lamer Winkel&#8216;<\/figcaption><\/figure>\n\n\n\n<p>Was man nicht erahnt, man befindet sich hier im Grenzgebiet. Zum einen im Grenzgebiet Deutschland &#8211; Tschechien zum andern aber auch im Grenzgebiet zwischen der Oberpfalz und Niederbayern. Ein fr\u00fcherer Arbeitskollege sprach immer vom &#8222;Gelobten Land&#8220; wenn er \u00fcber Niederbayern &#8211; seine Heimat &#8211; gesprochen hat.<\/p>\n\n\n\n<p>Versteh ich nach wie vor nicht, wenn ich mir das Bild vom &#8218;Lamer Winkel&#8216; anschaue. Das w\u00fcrde ich &#8222;Gelobtes Land&#8220; nennen &#8211; und das ist &#8230; Oberpfalz \ud83d\ude01\ud83d\ude48.<\/p>\n\n\n\n<p>Ein letztes noch dazu, und dann ist &#8217;s auch wieder gut: Der sch\u00f6nere Gipfel des Arber liegt auf Oberpfalz-Territorium \ud83d\ude48\ud83d\ude1b\ud83d\ude06.<\/p>\n\n\n\n<p>Kurz nach dem Grenz\u00fcbertritt nach Niederbayern zeigte sich der Tourismus am Arber. Ist doch keine Skisaison &#8230; was machen die denn alle hier?<\/p>\n\n\n\n<figure class=\"wp-block-image size-large\"><img loading=\"lazy\" decoding=\"async\" width=\"1024\" height=\"576\" src=\"https:\/\/www.elektrisch-auf-tour.de\/wp-content\/uploads\/2022\/09\/20210812_131325-1024x576.jpg\" alt=\"\" class=\"wp-image-616\" srcset=\"https:\/\/www.elektrisch-auf-tour.de\/wp-content\/uploads\/2022\/09\/20210812_131325-1024x576.jpg 1024w, https:\/\/www.elektrisch-auf-tour.de\/wp-content\/uploads\/2022\/09\/20210812_131325-300x169.jpg 300w, https:\/\/www.elektrisch-auf-tour.de\/wp-content\/uploads\/2022\/09\/20210812_131325-768x432.jpg 768w, https:\/\/www.elektrisch-auf-tour.de\/wp-content\/uploads\/2022\/09\/20210812_131325-1536x864.jpg 1536w, https:\/\/www.elektrisch-auf-tour.de\/wp-content\/uploads\/2022\/09\/20210812_131325-2048x1152.jpg 2048w, https:\/\/www.elektrisch-auf-tour.de\/wp-content\/uploads\/2022\/09\/20210812_131325-676x380.jpg 676w\" sizes=\"(max-width: 1024px) 100vw, 1024px\" \/><figcaption class=\"wp-element-caption\">Arber aus Richtung Brennes<\/figcaption><\/figure>\n\n\n\n<p>Den Arber samt Arberbergbahn kannte ich schon zu gut, somit bin ich einfach daran vorbei gefahren. Und: ganz so schlimm, wie ich es gerade angedeutet habe ist es hier definitiv nicht. Das Gebiet am Arber und drum herum ist zu jeder Jahreszeit einen Besuch wert.<\/p>\n\n\n\n<p>Empfehlen kann ich die Wanderung von Bodenmais \u00fcber die Rieslochwasserf\u00e4lle zum Arber, dort dann Mittags gem\u00fctlich einkehren und \u00fcber Bretterschachten wieder zur\u00fcck.<\/p>\n\n\n\n<p>Wenn man das dann im November macht, dann ist man fast alleine auf dem Arber &#8211; die Bergbahn hat da n\u00e4mlich schon geschlossen und \u00f6ffnet erst wieder, wenn gen\u00fcgend Schnee f\u00fcr die Wintersaison gefallen ist.<\/p>\n\n\n\n<p>F\u00fcr mich ging es heute weiter \u00fcber den Arbersee und Bretterschachten nach Bodenmais. In Bodenmais bin ich direkt durch das Stadtzentrum gefahren um vom Urlaubertrubel noch mehr mitzubekommen. Das ist tats\u00e4chlich so &#8211; hier gibt es die Souvenirst\u00e4nde, an denen man sich mit Andenken f\u00fcr die Daheimgebliebenen eindecken kann.<\/p>\n\n\n\n<p>Nix f\u00fcr mich &#8230; also weiter. \ud83d\ude1b<\/p>\n\n\n\n<p>In Drachselsried habe ich in einem Supermarkt meinen Fl\u00fcssigkeitshaushalt wieder auf Vordermann gebracht, bevor ich dann in Arnbruck rechts nach Arrach abgebogen bin. Die Strecke \u00fcber Eck hat herrlich viele Kurven.<\/p>\n\n\n\n<p>Von Eck aus l\u00e4sst es sich super sch\u00f6n zum Riedelstein oder auch weiter zum Mittagstein oder Kaitersberg wandern. Heute nicht, denn ich bekomme langsam Hunger und zum Wandern habe ich mich ja nicht auf den Weg gemacht.<\/p>\n\n\n\n<p>In Bad K\u00f6tzting habe ich am Parkplatz beim Schwimmbad AQACUR geparkt. Dort dann die DS an einer Lades\u00e4ule angesteckt und mich dann im nahegelegenen &#8222;Goggolori&#8220; verpflegt.<\/p>\n\n\n\n<p>Super sch\u00f6ner Biergarten, tolles Essen und zum Abschluss noch einen doppelten Espresso. Was will man mehr. \ud83d\ude00<\/p>\n\n\n\n<figure class=\"wp-block-image size-large\"><img loading=\"lazy\" decoding=\"async\" width=\"1024\" height=\"576\" src=\"https:\/\/www.elektrisch-auf-tour.de\/wp-content\/uploads\/2022\/09\/20210812_143653-1024x576.jpg\" alt=\"\" class=\"wp-image-621\" srcset=\"https:\/\/www.elektrisch-auf-tour.de\/wp-content\/uploads\/2022\/09\/20210812_143653-1024x576.jpg 1024w, https:\/\/www.elektrisch-auf-tour.de\/wp-content\/uploads\/2022\/09\/20210812_143653-300x169.jpg 300w, https:\/\/www.elektrisch-auf-tour.de\/wp-content\/uploads\/2022\/09\/20210812_143653-768x432.jpg 768w, https:\/\/www.elektrisch-auf-tour.de\/wp-content\/uploads\/2022\/09\/20210812_143653-1536x864.jpg 1536w, https:\/\/www.elektrisch-auf-tour.de\/wp-content\/uploads\/2022\/09\/20210812_143653-2048x1152.jpg 2048w, https:\/\/www.elektrisch-auf-tour.de\/wp-content\/uploads\/2022\/09\/20210812_143653-676x380.jpg 676w\" sizes=\"(max-width: 1024px) 100vw, 1024px\" \/><\/figure>\n\n\n\n<figure class=\"wp-block-image size-large\"><img loading=\"lazy\" decoding=\"async\" width=\"1024\" height=\"576\" src=\"https:\/\/www.elektrisch-auf-tour.de\/wp-content\/uploads\/2022\/09\/20210812_144311-1024x576.jpg\" alt=\"\" class=\"wp-image-620\" srcset=\"https:\/\/www.elektrisch-auf-tour.de\/wp-content\/uploads\/2022\/09\/20210812_144311-1024x576.jpg 1024w, https:\/\/www.elektrisch-auf-tour.de\/wp-content\/uploads\/2022\/09\/20210812_144311-300x169.jpg 300w, https:\/\/www.elektrisch-auf-tour.de\/wp-content\/uploads\/2022\/09\/20210812_144311-768x432.jpg 768w, https:\/\/www.elektrisch-auf-tour.de\/wp-content\/uploads\/2022\/09\/20210812_144311-1536x864.jpg 1536w, https:\/\/www.elektrisch-auf-tour.de\/wp-content\/uploads\/2022\/09\/20210812_144311-2048x1152.jpg 2048w, https:\/\/www.elektrisch-auf-tour.de\/wp-content\/uploads\/2022\/09\/20210812_144311-676x380.jpg 676w\" sizes=\"(max-width: 1024px) 100vw, 1024px\" \/><\/figure>\n\n\n\n<figure class=\"wp-block-image size-large\"><img loading=\"lazy\" decoding=\"async\" width=\"1024\" height=\"576\" src=\"https:\/\/www.elektrisch-auf-tour.de\/wp-content\/uploads\/2022\/09\/20210812_144951-1024x576.jpg\" alt=\"\" class=\"wp-image-622\" srcset=\"https:\/\/www.elektrisch-auf-tour.de\/wp-content\/uploads\/2022\/09\/20210812_144951-1024x576.jpg 1024w, https:\/\/www.elektrisch-auf-tour.de\/wp-content\/uploads\/2022\/09\/20210812_144951-300x169.jpg 300w, https:\/\/www.elektrisch-auf-tour.de\/wp-content\/uploads\/2022\/09\/20210812_144951-768x432.jpg 768w, https:\/\/www.elektrisch-auf-tour.de\/wp-content\/uploads\/2022\/09\/20210812_144951-1536x864.jpg 1536w, https:\/\/www.elektrisch-auf-tour.de\/wp-content\/uploads\/2022\/09\/20210812_144951-2048x1152.jpg 2048w, https:\/\/www.elektrisch-auf-tour.de\/wp-content\/uploads\/2022\/09\/20210812_144951-676x380.jpg 676w\" sizes=\"(max-width: 1024px) 100vw, 1024px\" \/><\/figure>\n\n\n\n<p>Selber gut ausgeruht und gest\u00e4rkt so wie die Zero DS mit vollem Akku, ging es wieder zur\u00fcck in Richtung Heimat.<\/p>\n\n\n\n<p>Das erste St\u00fcck bis Rattiszell ist genial &#8211; so viele sch\u00f6ne Kurven.<\/p>\n\n\n\n<p>Danach kamen Wiesenhofen, Reichenbach und Nittenau, von wo ich dann ein St\u00fcck dem Regen entlang gefahren bin. Bei Maxh\u00fctte-Haidhof dann noch einen kurzen Pinkelstopp und \u00fcber Kallm\u00fcnz zur\u00fcck nach Hause.<\/p>\n\n\n\n<p>Dort bin ich mit 0% im Akku angekommen. W\u00fcrde sagen, das war eine Punktlandung. \ud83d\ude48\ud83d\ude1b\ud83d\ude06<\/p>\n\n\n\n<p>Ein wirklich genialer Tag.<\/p>\n\n\n\n<p>Ein paar Fakten:<\/p>\n\n\n\n<ul class=\"wp-block-list\">\n<li>410 km<\/li>\n\n\n\n<li>Fahrzeit: 7 Stunden<\/li>\n\n\n\n<li>In Treffelstein 4 kWh in 50 Minuten geladen<\/li>\n\n\n\n<li>Waldm\u00fcnchen: 6,5 kWh in 54 Minuten<\/li>\n\n\n\n<li>Bad K\u00f6tzting: 8,3 kWh in 1 Stunde 10 Minuten<\/li>\n\n\n\n<li>Mit den Zuhause geladenen ca. 12 kWh sind das komplett 30 kWh; Bedeutet grob ca. 10 Euro Stromkosten f\u00fcr die 410 km<\/li>\n<\/ul>\n\n\n\n<p>Die Zeit an den Lades\u00e4ulen war absolut kein Thema &#8211; Pause und Verpflegung f\u00fcr den Fahrer muss ja auch sein &#8211; und ich wollte ja schlie\u00dflich auch was von der Gegend sehen.<\/p>\n\n\n\n<p>Die Runde ist zu empfehlen &#8211; mache ich mal wieder.<\/p>","protected":false},"excerpt":{"rendered":"<p>Der Berg ruft &#8230; also doch. \ud83d\ude00 Urlaub. Und da hatte ich schon seit l\u00e4ngerem eine Tour in den Bayerischen Wald in Planung. Folgende Route sollte mich am Vormittag bis Waldm\u00fcnchen bringen: Los ging es zuhause kurz nach 7 Uhr.<\/p>","protected":false},"author":1,"featured_media":0,"comment_status":"open","ping_status":"open","sticky":false,"template":"","format":"standard","meta":{"footnotes":""},"categories":[9,3,4],"tags":[],"class_list":["post-588","post","type-post","status-publish","format-standard","hentry","category-elektromotorrad","category-tour","category-zero-ds","post-preview"],"_links":{"self":[{"href":"https:\/\/www.elektrisch-auf-tour.de\/en\/wp-json\/wp\/v2\/posts\/588","targetHints":{"allow":["GET"]}}],"collection":[{"href":"https:\/\/www.elektrisch-auf-tour.de\/en\/wp-json\/wp\/v2\/posts"}],"about":[{"href":"https:\/\/www.elektrisch-auf-tour.de\/en\/wp-json\/wp\/v2\/types\/post"}],"author":[{"embeddable":true,"href":"https:\/\/www.elektrisch-auf-tour.de\/en\/wp-json\/wp\/v2\/users\/1"}],"replies":[{"embeddable":true,"href":"https:\/\/www.elektrisch-auf-tour.de\/en\/wp-json\/wp\/v2\/comments?post=588"}],"version-history":[{"count":14,"href":"https:\/\/www.elektrisch-auf-tour.de\/en\/wp-json\/wp\/v2\/posts\/588\/revisions"}],"predecessor-version":[{"id":1160,"href":"https:\/\/www.elektrisch-auf-tour.de\/en\/wp-json\/wp\/v2\/posts\/588\/revisions\/1160"}],"wp:attachment":[{"href":"https:\/\/www.elektrisch-auf-tour.de\/en\/wp-json\/wp\/v2\/media?parent=588"}],"wp:term":[{"taxonomy":"category","embeddable":true,"href":"https:\/\/www.elektrisch-auf-tour.de\/en\/wp-json\/wp\/v2\/categories?post=588"},{"taxonomy":"post_tag","embeddable":true,"href":"https:\/\/www.elektrisch-auf-tour.de\/en\/wp-json\/wp\/v2\/tags?post=588"}],"curies":[{"name":"wp","href":"https:\/\/api.w.org\/{rel}","templated":true}]}}