{"id":641,"date":"2021-10-15T17:04:00","date_gmt":"2021-10-15T15:04:00","guid":{"rendered":"https:\/\/www.elektrisch-auf-tour.de\/?p=641"},"modified":"2022-11-15T19:21:50","modified_gmt":"2022-11-15T18:21:50","slug":"neues-bike-gefunden","status":"publish","type":"post","link":"https:\/\/www.elektrisch-auf-tour.de\/en\/wie-geht-s-weiter\/neues-bike-gefunden\/","title":{"rendered":"Neues Bike gefunden"},"content":{"rendered":"<p>Am 15. Oktober waren wir mit Freunden am Essen und Trinken. Trinken wurde, je l\u00e4nger der Abend wurde, immer mehr \ud83d\ude01\ud83d\ude48.<\/p>\n\n\n\n<p>Auf dem Heimweg habe ich dann ein neues Bike gefunden \ud83d\ude01:<\/p>\n\n\n\n<figure class=\"wp-block-image size-large\"><img fetchpriority=\"high\" decoding=\"async\" width=\"1024\" height=\"576\" src=\"https:\/\/www.elektrisch-auf-tour.de\/wp-content\/uploads\/2022\/09\/20211016_013912-1024x576.jpg\" alt=\"\" class=\"wp-image-642\" srcset=\"https:\/\/www.elektrisch-auf-tour.de\/wp-content\/uploads\/2022\/09\/20211016_013912-1024x576.jpg 1024w, https:\/\/www.elektrisch-auf-tour.de\/wp-content\/uploads\/2022\/09\/20211016_013912-300x169.jpg 300w, https:\/\/www.elektrisch-auf-tour.de\/wp-content\/uploads\/2022\/09\/20211016_013912-768x432.jpg 768w, https:\/\/www.elektrisch-auf-tour.de\/wp-content\/uploads\/2022\/09\/20211016_013912-1536x864.jpg 1536w, https:\/\/www.elektrisch-auf-tour.de\/wp-content\/uploads\/2022\/09\/20211016_013912-2048x1152.jpg 2048w, https:\/\/www.elektrisch-auf-tour.de\/wp-content\/uploads\/2022\/09\/20211016_013912-676x380.jpg 676w\" sizes=\"(max-width: 1024px) 100vw, 1024px\" \/><\/figure>\n\n\n\n<p>Ich glaube, ich muss mich doch mal mit der Fahrschule in Verbindung setzen. Ansonsten h\u00f6ren die &#8218;Hirnereien&#8216; zum Thema &#8222;Gr\u00f6\u00dfere Maschine&#8220; nie wieder auf &#8230; \ud83c\udfcd<\/p>","protected":false},"excerpt":{"rendered":"<p>Am 15. Oktober waren wir mit Freunden am Essen und Trinken. Trinken wurde, je l\u00e4nger der Abend wurde, immer mehr \ud83d\ude01\ud83d\ude48. Auf dem Heimweg habe ich dann ein neues Bike gefunden \ud83d\ude01: Ich glaube, ich muss mich doch mal mit der Fahrschule in Verbindung setzen. Ansonsten h\u00f6ren die &#8218;Hirnereien&#8216; zum Thema &#8222;Gr\u00f6\u00dfere Maschine&#8220; nie wieder [&hellip;]<\/p>\n","protected":false},"author":1,"featured_media":0,"comment_status":"open","ping_status":"open","sticky":false,"template":"","format":"standard","meta":{"footnotes":""},"categories":[10,8],"tags":[],"class_list":["post-641","post","type-post","status-publish","format-standard","hentry","category-hirnereien","category-wie-geht-s-weiter","post-preview"],"_links":{"self":[{"href":"https:\/\/www.elektrisch-auf-tour.de\/en\/wp-json\/wp\/v2\/posts\/641","targetHints":{"allow":["GET"]}}],"collection":[{"href":"https:\/\/www.elektrisch-auf-tour.de\/en\/wp-json\/wp\/v2\/posts"}],"about":[{"href":"https:\/\/www.elektrisch-auf-tour.de\/en\/wp-json\/wp\/v2\/types\/post"}],"author":[{"embeddable":true,"href":"https:\/\/www.elektrisch-auf-tour.de\/en\/wp-json\/wp\/v2\/users\/1"}],"replies":[{"embeddable":true,"href":"https:\/\/www.elektrisch-auf-tour.de\/en\/wp-json\/wp\/v2\/comments?post=641"}],"version-history":[{"count":4,"href":"https:\/\/www.elektrisch-auf-tour.de\/en\/wp-json\/wp\/v2\/posts\/641\/revisions"}],"predecessor-version":[{"id":1219,"href":"https:\/\/www.elektrisch-auf-tour.de\/en\/wp-json\/wp\/v2\/posts\/641\/revisions\/1219"}],"wp:attachment":[{"href":"https:\/\/www.elektrisch-auf-tour.de\/en\/wp-json\/wp\/v2\/media?parent=641"}],"wp:term":[{"taxonomy":"category","embeddable":true,"href":"https:\/\/www.elektrisch-auf-tour.de\/en\/wp-json\/wp\/v2\/categories?post=641"},{"taxonomy":"post_tag","embeddable":true,"href":"https:\/\/www.elektrisch-auf-tour.de\/en\/wp-json\/wp\/v2\/tags?post=641"}],"curies":[{"name":"wp","href":"https:\/\/api.w.org\/{rel}","templated":true}]}}