{"id":795,"date":"2021-10-24T20:48:00","date_gmt":"2021-10-24T18:48:00","guid":{"rendered":"https:\/\/www.elektrisch-auf-tour.de\/?p=795"},"modified":"2022-11-17T20:08:51","modified_gmt":"2022-11-17T19:08:51","slug":"reise-in-die-vergangenheit","status":"publish","type":"post","link":"https:\/\/www.elektrisch-auf-tour.de\/en\/tour\/reise-in-die-vergangenheit\/","title":{"rendered":"Reise in die Vergangenheit"},"content":{"rendered":"<p>Heute hat das Wetter nochmal gut f\u00fcr eine Herbsttour gepasst. Die Runde hat mich bis nach G\u00fcntersthal und Lungsdorf ins Fr\u00e4nkische gef\u00fchrt. Von da aus ging es dann \u00fcber das Pegnitztal wieder zur\u00fcck in Richtung Heimat.<\/p>\n\n\n\n<figure class=\"wp-block-image size-full\"><img fetchpriority=\"high\" decoding=\"async\" width=\"750\" height=\"918\" src=\"https:\/\/www.elektrisch-auf-tour.de\/wp-content\/uploads\/2022\/10\/Screenshot-2022-10-11-204833.jpg\" alt=\"\" class=\"wp-image-796\" srcset=\"https:\/\/www.elektrisch-auf-tour.de\/wp-content\/uploads\/2022\/10\/Screenshot-2022-10-11-204833.jpg 750w, https:\/\/www.elektrisch-auf-tour.de\/wp-content\/uploads\/2022\/10\/Screenshot-2022-10-11-204833-245x300.jpg 245w, https:\/\/www.elektrisch-auf-tour.de\/wp-content\/uploads\/2022\/10\/Screenshot-2022-10-11-204833-676x827.jpg 676w\" sizes=\"(max-width: 750px) 100vw, 750px\" \/><\/figure>\n\n\n\n<p>Kurz vor Neukirchen bei Sulzbach-Rosenberg ist mir in der Ortschaft Ermhof ein Bodendenkmal aufgefallen.<\/p>\n\n\n\n<!--more-->\n\n\n\n<p>Es handelt sich hierbei um die \u00dcberreste einer der \u00e4ltesten Kirchengr\u00fcndungen in der Oberpfalz. Die urspr\u00fcngliche Kirche wurde 1306 erstmals in Urkunden erw\u00e4hnt.<\/p>\n\n\n\n<p>Interessant ist auch, dass  bis 1979 \u00fcber den Ausgrabungen ein Anwesen gestanden ist, dass dann in diesem Jahr abgerissen wurde. Die Ausgrabungen fanden dann zwischen 2006 und 2008 statt.<\/p>\n\n\n\n<figure class=\"wp-block-image size-large\"><img decoding=\"async\" width=\"1024\" height=\"576\" src=\"https:\/\/www.elektrisch-auf-tour.de\/wp-content\/uploads\/2022\/10\/20211024_135208-1024x576.jpg\" alt=\"\" class=\"wp-image-797\" srcset=\"https:\/\/www.elektrisch-auf-tour.de\/wp-content\/uploads\/2022\/10\/20211024_135208-1024x576.jpg 1024w, https:\/\/www.elektrisch-auf-tour.de\/wp-content\/uploads\/2022\/10\/20211024_135208-300x169.jpg 300w, https:\/\/www.elektrisch-auf-tour.de\/wp-content\/uploads\/2022\/10\/20211024_135208-768x432.jpg 768w, https:\/\/www.elektrisch-auf-tour.de\/wp-content\/uploads\/2022\/10\/20211024_135208-1536x864.jpg 1536w, https:\/\/www.elektrisch-auf-tour.de\/wp-content\/uploads\/2022\/10\/20211024_135208-2048x1152.jpg 2048w, https:\/\/www.elektrisch-auf-tour.de\/wp-content\/uploads\/2022\/10\/20211024_135208-676x380.jpg 676w\" sizes=\"(max-width: 1024px) 100vw, 1024px\" \/><figcaption class=\"wp-element-caption\">St. Martin in Ermhof<\/figcaption><\/figure>\n\n\n\n<p>Wer in der Gegend unterwegs ist: Ein Halt ist definitiv lohnenswert. Das Areal ist sehr sch\u00f6n zug\u00e4ngig und Tafeln geben Informationen zum Hintergrund der Kirche.<\/p>\n\n\n\n<figure class=\"wp-block-image size-large\"><img decoding=\"async\" width=\"1024\" height=\"576\" src=\"https:\/\/www.elektrisch-auf-tour.de\/wp-content\/uploads\/2022\/10\/20211024_135512-1024x576.jpg\" alt=\"\" class=\"wp-image-798\" srcset=\"https:\/\/www.elektrisch-auf-tour.de\/wp-content\/uploads\/2022\/10\/20211024_135512-1024x576.jpg 1024w, https:\/\/www.elektrisch-auf-tour.de\/wp-content\/uploads\/2022\/10\/20211024_135512-300x169.jpg 300w, https:\/\/www.elektrisch-auf-tour.de\/wp-content\/uploads\/2022\/10\/20211024_135512-768x432.jpg 768w, https:\/\/www.elektrisch-auf-tour.de\/wp-content\/uploads\/2022\/10\/20211024_135512-1536x864.jpg 1536w, https:\/\/www.elektrisch-auf-tour.de\/wp-content\/uploads\/2022\/10\/20211024_135512-2048x1152.jpg 2048w, https:\/\/www.elektrisch-auf-tour.de\/wp-content\/uploads\/2022\/10\/20211024_135512-676x380.jpg 676w\" sizes=\"(max-width: 1024px) 100vw, 1024px\" \/><figcaption class=\"wp-element-caption\">St. Martin in Ermhof<\/figcaption><\/figure>\n\n\n\n<p>Auf dem Heimweg musste ich f\u00fcr die letzten paar Kilometer noch einen kurzen Zwischenstopp an einer Lades\u00e4ule in Berg einlegen. Eigentlich h\u00e4tte ein voller Akku locker f\u00fcr die Runde gereicht, ich bin aber mit nur 3\/4 gef\u00fclltem &#8218;Tank&#8216; gestartet.<\/p>\n\n\n\n<figure class=\"wp-block-image size-large\"><img loading=\"lazy\" decoding=\"async\" width=\"1024\" height=\"576\" src=\"https:\/\/www.elektrisch-auf-tour.de\/wp-content\/uploads\/2022\/10\/20211024_151310-1024x576.jpg\" alt=\"\" class=\"wp-image-799\" srcset=\"https:\/\/www.elektrisch-auf-tour.de\/wp-content\/uploads\/2022\/10\/20211024_151310-1024x576.jpg 1024w, https:\/\/www.elektrisch-auf-tour.de\/wp-content\/uploads\/2022\/10\/20211024_151310-300x169.jpg 300w, https:\/\/www.elektrisch-auf-tour.de\/wp-content\/uploads\/2022\/10\/20211024_151310-768x432.jpg 768w, https:\/\/www.elektrisch-auf-tour.de\/wp-content\/uploads\/2022\/10\/20211024_151310-1536x864.jpg 1536w, https:\/\/www.elektrisch-auf-tour.de\/wp-content\/uploads\/2022\/10\/20211024_151310-2048x1152.jpg 2048w, https:\/\/www.elektrisch-auf-tour.de\/wp-content\/uploads\/2022\/10\/20211024_151310-676x380.jpg 676w\" sizes=\"(max-width: 1024px) 100vw, 1024px\" \/><figcaption class=\"wp-element-caption\">kurz mal &#8218;Nachladen&#8216;<\/figcaption><\/figure>\n\n\n\n<p>Infos zur Tour:<\/p>\n\n\n\n<ul class=\"wp-block-list\">\n<li>Gefahrene Strecke: 134 km<\/li>\n\n\n\n<li>Fahrzeit: 2:20 Std<\/li>\n\n\n\n<li>In der Ortschaft Berg 2,5 kWh in 26 Minuten nachgeladen<\/li>\n\n\n\n<li>Verbrauch komplett: 12 kWh<\/li>\n\n\n\n<li>Kosten: 3,85 \u20ac<\/li>\n<\/ul>","protected":false},"excerpt":{"rendered":"<p>Heute hat das Wetter nochmal gut f\u00fcr eine Herbsttour gepasst. Die Runde hat mich bis nach G\u00fcntersthal und Lungsdorf ins Fr\u00e4nkische gef\u00fchrt. Von da aus ging es dann \u00fcber das Pegnitztal wieder zur\u00fcck in Richtung Heimat. Kurz vor Neukirchen bei Sulzbach-Rosenberg ist mir in der Ortschaft Ermhof ein Bodendenkmal aufgefallen.<\/p>","protected":false},"author":1,"featured_media":0,"comment_status":"open","ping_status":"open","sticky":false,"template":"","format":"standard","meta":{"footnotes":""},"categories":[9,3,4],"tags":[],"class_list":["post-795","post","type-post","status-publish","format-standard","hentry","category-elektromotorrad","category-tour","category-zero-ds","post-preview"],"_links":{"self":[{"href":"https:\/\/www.elektrisch-auf-tour.de\/en\/wp-json\/wp\/v2\/posts\/795","targetHints":{"allow":["GET"]}}],"collection":[{"href":"https:\/\/www.elektrisch-auf-tour.de\/en\/wp-json\/wp\/v2\/posts"}],"about":[{"href":"https:\/\/www.elektrisch-auf-tour.de\/en\/wp-json\/wp\/v2\/types\/post"}],"author":[{"embeddable":true,"href":"https:\/\/www.elektrisch-auf-tour.de\/en\/wp-json\/wp\/v2\/users\/1"}],"replies":[{"embeddable":true,"href":"https:\/\/www.elektrisch-auf-tour.de\/en\/wp-json\/wp\/v2\/comments?post=795"}],"version-history":[{"count":3,"href":"https:\/\/www.elektrisch-auf-tour.de\/en\/wp-json\/wp\/v2\/posts\/795\/revisions"}],"predecessor-version":[{"id":1182,"href":"https:\/\/www.elektrisch-auf-tour.de\/en\/wp-json\/wp\/v2\/posts\/795\/revisions\/1182"}],"wp:attachment":[{"href":"https:\/\/www.elektrisch-auf-tour.de\/en\/wp-json\/wp\/v2\/media?parent=795"}],"wp:term":[{"taxonomy":"category","embeddable":true,"href":"https:\/\/www.elektrisch-auf-tour.de\/en\/wp-json\/wp\/v2\/categories?post=795"},{"taxonomy":"post_tag","embeddable":true,"href":"https:\/\/www.elektrisch-auf-tour.de\/en\/wp-json\/wp\/v2\/tags?post=795"}],"curies":[{"name":"wp","href":"https:\/\/api.w.org\/{rel}","templated":true}]}}