{"id":85,"date":"2020-10-14T20:54:00","date_gmt":"2020-10-14T18:54:00","guid":{"rendered":"http:\/\/elektrisch-auf-tour.dorner-digital.de\/?p=85"},"modified":"2022-10-10T20:09:53","modified_gmt":"2022-10-10T18:09:53","slug":"radaufhaengung-und-stossdaempfer-einstellen","status":"publish","type":"post","link":"https:\/\/www.elektrisch-auf-tour.de\/en\/zero-ds\/radaufhaengung-und-stossdaempfer-einstellen\/","title":{"rendered":"Radaufh\u00e4ngung und Sto\u00dfd\u00e4mpfer einstellen"},"content":{"rendered":"<p>Keine Ahnung, ob das wirklich notwendig ist. Ich bin mir auch nicht sicher, ob mein Hintern das merkt, wenn Radaufh\u00e4ngung und Sto\u00dfd\u00e4mpfer auf mein Gewicht angepasst sind.<\/p>\n\n\n\n<figure class=\"wp-block-image size-large\"><img fetchpriority=\"high\" decoding=\"async\" width=\"1024\" height=\"576\" src=\"https:\/\/www.elektrisch-auf-tour.de\/wp-content\/uploads\/2022\/09\/20201014_124936-1024x576.jpg\" alt=\"\" class=\"wp-image-279\" srcset=\"https:\/\/www.elektrisch-auf-tour.de\/wp-content\/uploads\/2022\/09\/20201014_124936-1024x576.jpg 1024w, https:\/\/www.elektrisch-auf-tour.de\/wp-content\/uploads\/2022\/09\/20201014_124936-300x169.jpg 300w, https:\/\/www.elektrisch-auf-tour.de\/wp-content\/uploads\/2022\/09\/20201014_124936-768x432.jpg 768w, https:\/\/www.elektrisch-auf-tour.de\/wp-content\/uploads\/2022\/09\/20201014_124936-1536x864.jpg 1536w, https:\/\/www.elektrisch-auf-tour.de\/wp-content\/uploads\/2022\/09\/20201014_124936-2048x1152.jpg 2048w, https:\/\/www.elektrisch-auf-tour.de\/wp-content\/uploads\/2022\/09\/20201014_124936-676x380.jpg 676w\" sizes=\"(max-width: 1024px) 100vw, 1024px\" \/><\/figure>\n\n\n\n<p>Sicher ist jedoch: Zero Motorcycles schreibt in der Bedienungsanleitung der DS, dass die Maschine auf ein Fahrergewicht von 82 kg vor eingestellt ist.<\/p>\n\n\n\n<!--more-->\n\n\n\n<p>Scheinbar macht Zero die Rechnung ohne meine Gr\u00f6\u00dfe. Bei 193 cm K\u00f6rpergr\u00f6\u00dfe kann ich machen, was ich will &#8211; die 82 kg schaffe ich nicht \ud83d\ude48.<\/p>\n\n\n\n<p>Mutter Natur hat mich da mit viel zu schweren Knochen ausgestattet \ud83d\ude01 &#8211; ja, ich glaube so muss das sein. Und diese Rechnung von wegen &#8218;K\u00f6rpergr\u00f6\u00dfe minus 100 und von dem dann nochmal 10% abgezogen&#8216; &#8230; das soll dann irgendwie das Idealgewicht ergeben &#8230; da kommt dann immer noch mehr als die 82 kg raus.<\/p>\n\n\n\n<p>Also kurzum &#8211; ich bin zu gro\u00df um ohne Anpassung mit der Kiste rumzufahren, besonders wenn meine bessere H\u00e4lfte schon angek\u00fcndigt hat, dass sie auch mal gerne mitfahren will.<\/p>\n\n\n\n<p>Somit also ab in die Garage &#8211; zu dritt \ud83d\ude01.<\/p>\n\n\n\n<p>Das war tats\u00e4chlich so. Denn um die richtigen Einstellungswerte hinzubekommen, muss sich der Fahrer &#8211; also ich &#8211; auf die Maschine setzen. Dabei dann beide Beine auf die Fu\u00dfrasten, sonst federt das Motorrad nicht korrekt ein. Daf\u00fcr ist also schon mal Nummer Zwei notwendig &#8211; denn dann muss ja schlie\u00dflich jemand das ganze Konstrukt, bestehend aus der Zero DS und mir halten \ud83d\ude33.<\/p>\n\n\n\n<p>Nummer Drei muss dann den Abstand von einem Fixpunkt zur Radnabe messen.<\/p>\n\n\n\n<p>Den Wert subtrahiert man dann von den Werten, die man im unbelasteten Zustand schon gemessen hat. Ganz einfach \ud83d\ude1b\ud83d\ude01\ud83d\ude06.<\/p>\n\n\n\n<p>In der Bedienungsanleitung der DS sind dann Richtwerte f\u00fcr eine korrekte Einstellung zu finden. Um sich denen zu n\u00e4hern werden Federvorspannung, Zug- und Druckd\u00e4mpfung dann so lange eingestellt, bis weitere Messungen den vorgeschlagenen Richtwert ergeben. Ein Spektakel \ud83d\ude0e.<\/p>\n\n\n<div class=\"wp-block-image\">\n<figure class=\"aligncenter size-large\"><img decoding=\"async\" width=\"576\" height=\"1024\" src=\"https:\/\/www.elektrisch-auf-tour.de\/wp-content\/uploads\/2022\/09\/20201014_124915-576x1024.jpg\" alt=\"\" class=\"wp-image-278\" srcset=\"https:\/\/www.elektrisch-auf-tour.de\/wp-content\/uploads\/2022\/09\/20201014_124915-576x1024.jpg 576w, https:\/\/www.elektrisch-auf-tour.de\/wp-content\/uploads\/2022\/09\/20201014_124915-169x300.jpg 169w, https:\/\/www.elektrisch-auf-tour.de\/wp-content\/uploads\/2022\/09\/20201014_124915-768x1365.jpg 768w, https:\/\/www.elektrisch-auf-tour.de\/wp-content\/uploads\/2022\/09\/20201014_124915-864x1536.jpg 864w, https:\/\/www.elektrisch-auf-tour.de\/wp-content\/uploads\/2022\/09\/20201014_124915-1152x2048.jpg 1152w, https:\/\/www.elektrisch-auf-tour.de\/wp-content\/uploads\/2022\/09\/20201014_124915-676x1202.jpg 676w, https:\/\/www.elektrisch-auf-tour.de\/wp-content\/uploads\/2022\/09\/20201014_124915-scaled.jpg 1440w\" sizes=\"(max-width: 576px) 100vw, 576px\" \/><\/figure>\n<\/div>\n\n\n<p>Meiner T\u00f6chter und ich hatten einen H\u00f6llenspa\u00df, bis alles gepasst hat.<\/p>\n\n\n\n<p>H\u00f6rt sich jetzt vielleicht schlimmer an, als es wirklich ist. Und die Bedienungsanleitung beschreibt das Vorgehen eigentlich auch sehr gut.<\/p>\n\n\n\n<p>Jetzt steht einer Fahrt zusammen mit meinem Copiloten nichts mehr im Weg \ud83d\ude00.<\/p>\n\n\n\n<p>&#8230; es k\u00f6nnte jetzt ja jemand nachfragen, ob die Einstellungen denn jetzt wirklich richtig sind, denn wenn ich doch dann mit Copilotin auf der DS sitze, dann stimmt das Ganze doch nicht mehr &#8230;<\/p>\n\n\n\n<p>Stimmt \ud83d\ude00\ud83d\ude33\ud83d\ude48\ud83d\ude1b.<\/p>\n\n\n\n<p>Aber wenn es um das Gewicht von Ehefrauen geht, dann mischt man sich besser nicht ein &#8230; ganz sicher \ud83d\ude0e!<\/p>\n\n\n\n<p>Und da braucht man dann auch gar nicht mit solchen Rechnungen wie &#8218;K\u00f6rpergr\u00f6\u00dfe minus 100 multipliziert &#8230;&#8230;&#8216; kommen \u270c.<\/p>","protected":false},"excerpt":{"rendered":"<p>Keine Ahnung, ob das wirklich notwendig ist. Ich bin mir auch nicht sicher, ob mein Hintern das merkt, wenn Radaufh\u00e4ngung und Sto\u00dfd\u00e4mpfer auf mein Gewicht angepasst sind. Sicher ist jedoch: Zero Motorcycles schreibt in der Bedienungsanleitung der DS, dass die Maschine auf ein Fahrergewicht von 82 kg vor eingestellt ist.<\/p>","protected":false},"author":1,"featured_media":0,"comment_status":"open","ping_status":"open","sticky":false,"template":"","format":"standard","meta":{"footnotes":""},"categories":[9,4],"tags":[],"class_list":["post-85","post","type-post","status-publish","format-standard","hentry","category-elektromotorrad","category-zero-ds","post-preview"],"_links":{"self":[{"href":"https:\/\/www.elektrisch-auf-tour.de\/en\/wp-json\/wp\/v2\/posts\/85","targetHints":{"allow":["GET"]}}],"collection":[{"href":"https:\/\/www.elektrisch-auf-tour.de\/en\/wp-json\/wp\/v2\/posts"}],"about":[{"href":"https:\/\/www.elektrisch-auf-tour.de\/en\/wp-json\/wp\/v2\/types\/post"}],"author":[{"embeddable":true,"href":"https:\/\/www.elektrisch-auf-tour.de\/en\/wp-json\/wp\/v2\/users\/1"}],"replies":[{"embeddable":true,"href":"https:\/\/www.elektrisch-auf-tour.de\/en\/wp-json\/wp\/v2\/comments?post=85"}],"version-history":[{"count":5,"href":"https:\/\/www.elektrisch-auf-tour.de\/en\/wp-json\/wp\/v2\/posts\/85\/revisions"}],"predecessor-version":[{"id":784,"href":"https:\/\/www.elektrisch-auf-tour.de\/en\/wp-json\/wp\/v2\/posts\/85\/revisions\/784"}],"wp:attachment":[{"href":"https:\/\/www.elektrisch-auf-tour.de\/en\/wp-json\/wp\/v2\/media?parent=85"}],"wp:term":[{"taxonomy":"category","embeddable":true,"href":"https:\/\/www.elektrisch-auf-tour.de\/en\/wp-json\/wp\/v2\/categories?post=85"},{"taxonomy":"post_tag","embeddable":true,"href":"https:\/\/www.elektrisch-auf-tour.de\/en\/wp-json\/wp\/v2\/tags?post=85"}],"curies":[{"name":"wp","href":"https:\/\/api.w.org\/{rel}","templated":true}]}}