{"id":87,"date":"2020-10-18T20:56:00","date_gmt":"2020-10-18T18:56:00","guid":{"rendered":"http:\/\/elektrisch-auf-tour.dorner-digital.de\/?p=87"},"modified":"2022-10-11T19:07:09","modified_gmt":"2022-10-11T17:07:09","slug":"das-erste-mal-zu-zweit","status":"publish","type":"post","link":"https:\/\/www.elektrisch-auf-tour.de\/en\/zero-ds\/das-erste-mal-zu-zweit\/","title":{"rendered":"Das erste Mal &#8230; &#8211; &#8230; zu zweit"},"content":{"rendered":"<p>\u2026 hat extrem viel Spa\u00df gemacht. \ud83d\ude0a<\/p>\n\n\n\n<p>Mit dem hatte ich so eigentlich nicht gerechnet. Es sind ja noch nicht mal 3 Wochen vergangen, seit ich die DS abgeholt habe. Ich bin zwar inzwischen schon einiges an Kilometern gefahren, aber an eine Fahrt zu zweite hatte ich selber noch nicht gedacht.<\/p>\n\n\n\n<figure class=\"wp-block-image size-full\"><img fetchpriority=\"high\" decoding=\"async\" width=\"1024\" height=\"576\" src=\"https:\/\/www.elektrisch-auf-tour.de\/wp-content\/uploads\/2022\/10\/pexels-gareth-davies-935103.jpg\" alt=\"\" class=\"wp-image-792\" srcset=\"https:\/\/www.elektrisch-auf-tour.de\/wp-content\/uploads\/2022\/10\/pexels-gareth-davies-935103.jpg 1024w, https:\/\/www.elektrisch-auf-tour.de\/wp-content\/uploads\/2022\/10\/pexels-gareth-davies-935103-300x169.jpg 300w, https:\/\/www.elektrisch-auf-tour.de\/wp-content\/uploads\/2022\/10\/pexels-gareth-davies-935103-768x432.jpg 768w, https:\/\/www.elektrisch-auf-tour.de\/wp-content\/uploads\/2022\/10\/pexels-gareth-davies-935103-676x380.jpg 676w\" sizes=\"(max-width: 1024px) 100vw, 1024px\" \/><figcaption>&#8230; so nicht &#8230; \ud83d\ude48\ud83d\ude1b &#8230; (Bild: pexels.com)<\/figcaption><\/figure>\n\n\n\n<p>Und dann kam heute Fr\u00fch der Vorschlag, dass wir das coole Herbstwetter nutzen und eine kurze gemeinsame Runde fahren k\u00f6nnten.<\/p>\n\n\n\n<!--more-->\n\n\n\n<p>Ja, warum eigentlich nicht &#8230; einfach mal ausbrechen und zu weit was unternehmen &#8211; ohne Kinder &#8211; das war schon immer gut \ud83d\ude0a.<\/p>\n\n\n\n<p>Jetzt fehlte nur noch die notwendige Schutzausr\u00fcstung.<\/p>\n\n\n\n<p>Helm und Jacke mussten wir erst Mal im Keller beim Equipment meines Vaters suchen. Beides war eher eine Notl\u00f6sung &#8211; aber f\u00fcr eine erste kurze Runde wird das schon passen.<\/p>\n\n\n\n<p>Vor der Abfahrt dann noch ein paar Klopfzeichen vereinbart:<\/p>\n\n\n\n<ul class=\"wp-block-list\"><li>2 x klopfen: schneller<\/li><li>3 x klopfen: viel schneller<\/li><li>4 x klopfen: &#8230; \ud83d\ude48\ud83d\ude1b<\/li><\/ul>\n\n\n\n<p>H\u00f6rt sich jetzt lustig an, aber die wichtigsten Dinge sollten vorab schon gekl\u00e4rt werden. Also, wenn es dem Beifahrer zu schnell ist, oder wenn ein Stopp notwendig ist. Aber das bekommen wir schon hin &#8230;<\/p>\n\n\n\n<p>Gefahren sind wir dann doch eine gute Stunde. Meine Frau zum ersten Mal in ihrem Leben als Sozia unterwegs, na und f\u00fcr mich war es das erste Mal mit einer Sozia zu fahren.<\/p>\n\n\n\n<figure class=\"wp-block-image size-large\"><img decoding=\"async\" width=\"1024\" height=\"768\" src=\"https:\/\/www.elektrisch-auf-tour.de\/wp-content\/uploads\/2022\/09\/20201018_163956_2-1024x768.jpg\" alt=\"\" class=\"wp-image-281\" srcset=\"https:\/\/www.elektrisch-auf-tour.de\/wp-content\/uploads\/2022\/09\/20201018_163956_2-1024x768.jpg 1024w, https:\/\/www.elektrisch-auf-tour.de\/wp-content\/uploads\/2022\/09\/20201018_163956_2-300x225.jpg 300w, https:\/\/www.elektrisch-auf-tour.de\/wp-content\/uploads\/2022\/09\/20201018_163956_2-768x576.jpg 768w, https:\/\/www.elektrisch-auf-tour.de\/wp-content\/uploads\/2022\/09\/20201018_163956_2-1536x1152.jpg 1536w, https:\/\/www.elektrisch-auf-tour.de\/wp-content\/uploads\/2022\/09\/20201018_163956_2-2048x1536.jpg 2048w, https:\/\/www.elektrisch-auf-tour.de\/wp-content\/uploads\/2022\/09\/20201018_163956_2-676x507.jpg 676w\" sizes=\"(max-width: 1024px) 100vw, 1024px\" \/><figcaption>Gemeinsames Erlebnis<\/figcaption><\/figure>\n\n\n\n<p>War schon gew\u00f6hnungsbed\u00fcrftig. Die Maschine verh\u00e4lt sich doch auf einmal etwas anders. Hat aber nach kurzer Eingew\u00f6hnungszeit doch perfekt funktioniert.<\/p>\n\n\n\n<p>Wieder zuhause angekommen waren wir uns beide einig:<\/p>\n\n\n\n<p>Das machen wir mal wieder. \ud83d\ude00<\/p>","protected":false},"excerpt":{"rendered":"<p>\u2026 hat extrem viel Spa\u00df gemacht. \ud83d\ude0a Mit dem hatte ich so eigentlich nicht gerechnet. Es sind ja noch nicht mal 3 Wochen vergangen, seit ich die DS abgeholt habe. Ich bin zwar inzwischen schon einiges an Kilometern gefahren, aber an eine Fahrt zu zweite hatte ich selber noch nicht gedacht. Und dann kam heute [&hellip;]<\/p>\n","protected":false},"author":1,"featured_media":0,"comment_status":"open","ping_status":"open","sticky":false,"template":"","format":"standard","meta":{"footnotes":""},"categories":[9,4],"tags":[],"class_list":["post-87","post","type-post","status-publish","format-standard","hentry","category-elektromotorrad","category-zero-ds","post-preview"],"_links":{"self":[{"href":"https:\/\/www.elektrisch-auf-tour.de\/en\/wp-json\/wp\/v2\/posts\/87","targetHints":{"allow":["GET"]}}],"collection":[{"href":"https:\/\/www.elektrisch-auf-tour.de\/en\/wp-json\/wp\/v2\/posts"}],"about":[{"href":"https:\/\/www.elektrisch-auf-tour.de\/en\/wp-json\/wp\/v2\/types\/post"}],"author":[{"embeddable":true,"href":"https:\/\/www.elektrisch-auf-tour.de\/en\/wp-json\/wp\/v2\/users\/1"}],"replies":[{"embeddable":true,"href":"https:\/\/www.elektrisch-auf-tour.de\/en\/wp-json\/wp\/v2\/comments?post=87"}],"version-history":[{"count":4,"href":"https:\/\/www.elektrisch-auf-tour.de\/en\/wp-json\/wp\/v2\/posts\/87\/revisions"}],"predecessor-version":[{"id":793,"href":"https:\/\/www.elektrisch-auf-tour.de\/en\/wp-json\/wp\/v2\/posts\/87\/revisions\/793"}],"wp:attachment":[{"href":"https:\/\/www.elektrisch-auf-tour.de\/en\/wp-json\/wp\/v2\/media?parent=87"}],"wp:term":[{"taxonomy":"category","embeddable":true,"href":"https:\/\/www.elektrisch-auf-tour.de\/en\/wp-json\/wp\/v2\/categories?post=87"},{"taxonomy":"post_tag","embeddable":true,"href":"https:\/\/www.elektrisch-auf-tour.de\/en\/wp-json\/wp\/v2\/tags?post=87"}],"curies":[{"name":"wp","href":"https:\/\/api.w.org\/{rel}","templated":true}]}}