{"id":98,"date":"2020-10-24T22:37:00","date_gmt":"2020-10-24T20:37:00","guid":{"rendered":"http:\/\/elektrisch-auf-tour.dorner-digital.de\/?p=98"},"modified":"2022-10-12T19:46:30","modified_gmt":"2022-10-12T17:46:30","slug":"tour-nach-hirschberg","status":"publish","type":"post","link":"https:\/\/www.elektrisch-auf-tour.de\/en\/tour\/tour-nach-hirschberg\/","title":{"rendered":"Tour nach Hirschberg"},"content":{"rendered":"<p>Ende Oktober gab es bei uns einen richtig sch\u00f6nen goldenen Herbst, man k\u00f6nnte fast meinen, der Indian Summer hat bei uns Einzug gehalten. \ud83d\ude00<\/p>\n\n\n\n<p>Perfekte Zeit um die Gegend etwas unsicher zu machen.<\/p>\n\n\n\n<p>Zuerst ging es nach Hirschberg. Von dort hat man eine herrliche Aussicht \u00fcber Beilngries.<\/p>\n\n\n\n<figure class=\"wp-block-image size-large\"><img fetchpriority=\"high\" decoding=\"async\" width=\"1024\" height=\"576\" src=\"https:\/\/www.elektrisch-auf-tour.de\/wp-content\/uploads\/2022\/09\/20201024_143907-1024x576.jpg\" alt=\"\" class=\"wp-image-286\" srcset=\"https:\/\/www.elektrisch-auf-tour.de\/wp-content\/uploads\/2022\/09\/20201024_143907-1024x576.jpg 1024w, https:\/\/www.elektrisch-auf-tour.de\/wp-content\/uploads\/2022\/09\/20201024_143907-300x169.jpg 300w, https:\/\/www.elektrisch-auf-tour.de\/wp-content\/uploads\/2022\/09\/20201024_143907-768x432.jpg 768w, https:\/\/www.elektrisch-auf-tour.de\/wp-content\/uploads\/2022\/09\/20201024_143907-1536x864.jpg 1536w, https:\/\/www.elektrisch-auf-tour.de\/wp-content\/uploads\/2022\/09\/20201024_143907-2048x1152.jpg 2048w, https:\/\/www.elektrisch-auf-tour.de\/wp-content\/uploads\/2022\/09\/20201024_143907-676x380.jpg 676w\" sizes=\"(max-width: 1024px) 100vw, 1024px\" \/><figcaption>Beilngries<\/figcaption><\/figure>\n\n\n\n<p>Der Aussichtspunkt ist am s\u00fcdlichen Ortsrand von Hirschberg zu finden.<\/p>\n\n\n\n<!--more-->\n\n\n\n<p>Wenn man das Schloss Hirschberg besucht, dann sollte man sich diesen Platz nicht entgehen lassen.<\/p>\n\n\n\n<figure class=\"wp-block-image size-large\"><img decoding=\"async\" width=\"1024\" height=\"576\" src=\"https:\/\/www.elektrisch-auf-tour.de\/wp-content\/uploads\/2022\/09\/20201024_144003-1024x576.jpg\" alt=\"\" class=\"wp-image-285\" srcset=\"https:\/\/www.elektrisch-auf-tour.de\/wp-content\/uploads\/2022\/09\/20201024_144003-1024x576.jpg 1024w, https:\/\/www.elektrisch-auf-tour.de\/wp-content\/uploads\/2022\/09\/20201024_144003-300x169.jpg 300w, https:\/\/www.elektrisch-auf-tour.de\/wp-content\/uploads\/2022\/09\/20201024_144003-768x432.jpg 768w, https:\/\/www.elektrisch-auf-tour.de\/wp-content\/uploads\/2022\/09\/20201024_144003-1536x864.jpg 1536w, https:\/\/www.elektrisch-auf-tour.de\/wp-content\/uploads\/2022\/09\/20201024_144003-2048x1152.jpg 2048w, https:\/\/www.elektrisch-auf-tour.de\/wp-content\/uploads\/2022\/09\/20201024_144003-676x380.jpg 676w\" sizes=\"(max-width: 1024px) 100vw, 1024px\" \/><figcaption>Am Parkplatz bei Hirschberg<\/figcaption><\/figure>\n\n\n\n<p>Weiter ging es f\u00fcr mich dann das kurze St\u00fcck zum Steinbruch Wiesenhofen. Dieser geh\u00f6rt der Firmengruppe Max B\u00f6gl. Es ist immer wieder faszinierend, wenn man in das gro\u00dfe Loch runter blickt. Die riesengro\u00dfen Maschinen schauen von oben wie Spielzeug aus.<\/p>\n\n\n\n<figure class=\"wp-block-image size-large\"><img decoding=\"async\" width=\"1024\" height=\"576\" src=\"https:\/\/www.elektrisch-auf-tour.de\/wp-content\/uploads\/2022\/09\/20201024_145147-1024x576.jpg\" alt=\"\" class=\"wp-image-287\" srcset=\"https:\/\/www.elektrisch-auf-tour.de\/wp-content\/uploads\/2022\/09\/20201024_145147-1024x576.jpg 1024w, https:\/\/www.elektrisch-auf-tour.de\/wp-content\/uploads\/2022\/09\/20201024_145147-300x169.jpg 300w, https:\/\/www.elektrisch-auf-tour.de\/wp-content\/uploads\/2022\/09\/20201024_145147-768x432.jpg 768w, https:\/\/www.elektrisch-auf-tour.de\/wp-content\/uploads\/2022\/09\/20201024_145147-1536x864.jpg 1536w, https:\/\/www.elektrisch-auf-tour.de\/wp-content\/uploads\/2022\/09\/20201024_145147-2048x1152.jpg 2048w, https:\/\/www.elektrisch-auf-tour.de\/wp-content\/uploads\/2022\/09\/20201024_145147-676x380.jpg 676w\" sizes=\"(max-width: 1024px) 100vw, 1024px\" \/><figcaption>Steinbruch Wiesenhofen<\/figcaption><\/figure>\n\n\n\n<figure class=\"wp-block-image size-large\"><img loading=\"lazy\" decoding=\"async\" width=\"1024\" height=\"576\" src=\"https:\/\/www.elektrisch-auf-tour.de\/wp-content\/uploads\/2022\/09\/20201024_145527-1024x576.jpg\" alt=\"\" class=\"wp-image-288\" srcset=\"https:\/\/www.elektrisch-auf-tour.de\/wp-content\/uploads\/2022\/09\/20201024_145527-1024x576.jpg 1024w, https:\/\/www.elektrisch-auf-tour.de\/wp-content\/uploads\/2022\/09\/20201024_145527-300x169.jpg 300w, https:\/\/www.elektrisch-auf-tour.de\/wp-content\/uploads\/2022\/09\/20201024_145527-768x432.jpg 768w, https:\/\/www.elektrisch-auf-tour.de\/wp-content\/uploads\/2022\/09\/20201024_145527-1536x864.jpg 1536w, https:\/\/www.elektrisch-auf-tour.de\/wp-content\/uploads\/2022\/09\/20201024_145527-2048x1152.jpg 2048w, https:\/\/www.elektrisch-auf-tour.de\/wp-content\/uploads\/2022\/09\/20201024_145527-676x380.jpg 676w\" sizes=\"(max-width: 1024px) 100vw, 1024px\" \/><figcaption>&#8230; kurz vor dem Abgrund &#8230;<\/figcaption><\/figure>\n\n\n\n<p>Was man hier nicht erwartet, ist der nahegelegene Hopfenanbau. Die N\u00e4he zur Hallertau l\u00e4sst gr\u00fc\u00dfen.<\/p>\n\n\n\n<figure class=\"wp-block-image size-large\"><img loading=\"lazy\" decoding=\"async\" width=\"1024\" height=\"576\" src=\"https:\/\/www.elektrisch-auf-tour.de\/wp-content\/uploads\/2022\/09\/20201024_145543-1024x576.jpg\" alt=\"\" class=\"wp-image-289\" srcset=\"https:\/\/www.elektrisch-auf-tour.de\/wp-content\/uploads\/2022\/09\/20201024_145543-1024x576.jpg 1024w, https:\/\/www.elektrisch-auf-tour.de\/wp-content\/uploads\/2022\/09\/20201024_145543-300x169.jpg 300w, https:\/\/www.elektrisch-auf-tour.de\/wp-content\/uploads\/2022\/09\/20201024_145543-768x432.jpg 768w, https:\/\/www.elektrisch-auf-tour.de\/wp-content\/uploads\/2022\/09\/20201024_145543-1536x864.jpg 1536w, https:\/\/www.elektrisch-auf-tour.de\/wp-content\/uploads\/2022\/09\/20201024_145543-2048x1152.jpg 2048w, https:\/\/www.elektrisch-auf-tour.de\/wp-content\/uploads\/2022\/09\/20201024_145543-676x380.jpg 676w\" sizes=\"(max-width: 1024px) 100vw, 1024px\" \/><figcaption>Rohstoff f\u00fcr die Brauereien<\/figcaption><\/figure>\n\n\n\n<p>Meinetwegen k\u00f6nnte das Wetter bis Weihnachten noch so bleiben. Die Temperaturen passen perfekt und die Natur zeigt sich wirklich in ihrem sch\u00f6nsten Kleid.<\/p>","protected":false},"excerpt":{"rendered":"<p>Ende Oktober gab es bei uns einen richtig sch\u00f6nen goldenen Herbst, man k\u00f6nnte fast meinen, der Indian Summer hat bei uns Einzug gehalten. \ud83d\ude00 Perfekte Zeit um die Gegend etwas unsicher zu machen. Zuerst ging es nach Hirschberg. Von dort hat man eine herrliche Aussicht \u00fcber Beilngries. Der Aussichtspunkt ist am s\u00fcdlichen Ortsrand von Hirschberg [&hellip;]<\/p>\n","protected":false},"author":1,"featured_media":0,"comment_status":"open","ping_status":"open","sticky":false,"template":"","format":"standard","meta":{"footnotes":""},"categories":[9,3,4],"tags":[],"class_list":["post-98","post","type-post","status-publish","format-standard","hentry","category-elektromotorrad","category-tour","category-zero-ds","post-preview"],"_links":{"self":[{"href":"https:\/\/www.elektrisch-auf-tour.de\/en\/wp-json\/wp\/v2\/posts\/98","targetHints":{"allow":["GET"]}}],"collection":[{"href":"https:\/\/www.elektrisch-auf-tour.de\/en\/wp-json\/wp\/v2\/posts"}],"about":[{"href":"https:\/\/www.elektrisch-auf-tour.de\/en\/wp-json\/wp\/v2\/types\/post"}],"author":[{"embeddable":true,"href":"https:\/\/www.elektrisch-auf-tour.de\/en\/wp-json\/wp\/v2\/users\/1"}],"replies":[{"embeddable":true,"href":"https:\/\/www.elektrisch-auf-tour.de\/en\/wp-json\/wp\/v2\/comments?post=98"}],"version-history":[{"count":8,"href":"https:\/\/www.elektrisch-auf-tour.de\/en\/wp-json\/wp\/v2\/posts\/98\/revisions"}],"predecessor-version":[{"id":843,"href":"https:\/\/www.elektrisch-auf-tour.de\/en\/wp-json\/wp\/v2\/posts\/98\/revisions\/843"}],"wp:attachment":[{"href":"https:\/\/www.elektrisch-auf-tour.de\/en\/wp-json\/wp\/v2\/media?parent=98"}],"wp:term":[{"taxonomy":"category","embeddable":true,"href":"https:\/\/www.elektrisch-auf-tour.de\/en\/wp-json\/wp\/v2\/categories?post=98"},{"taxonomy":"post_tag","embeddable":true,"href":"https:\/\/www.elektrisch-auf-tour.de\/en\/wp-json\/wp\/v2\/tags?post=98"}],"curies":[{"name":"wp","href":"https:\/\/api.w.org\/{rel}","templated":true}]}}